{"id":7382,"date":"2021-12-23T14:39:04","date_gmt":"2021-12-23T13:39:04","guid":{"rendered":"https:\/\/colefcafecv.com\/jornada-comunicacio-digital-per-a-la-meua-empresa-les-xarxes-socials-com-a-canal-principal\/"},"modified":"2021-12-23T15:08:25","modified_gmt":"2021-12-23T14:08:25","slug":"jornada-comunicacio-digital-per-a-la-meua-empresa-les-xarxes-socials-com-a-canal-principal","status":"publish","type":"post","link":"https:\/\/colefcafecv.com\/ca\/jornada-comunicacio-digital-per-a-la-meua-empresa-les-xarxes-socials-com-a-canal-principal\/","title":{"rendered":"Jornada: Comunicaci\u00f3 digital per a la meua empresa: Les xarxes socials com a canal principal"},"content":{"rendered":"\n<p>A trav\u00e9s d&#8217;EmprenemJunts hem tingut acc\u00e9s a la informaci\u00f3 sobre la Jornada &#8220;Comunicaci\u00f3 digital per a la meua empresa: Les xarxes socials com a canal principal&#8221;.<\/p>\n\n<p>Aquesta se celebrar\u00e0 el Dijous 20 de gener de 2022, a les 16.15 en el CEEI Val\u00e8ncia, Av. Benjamin Franklin 12, <strong>Paterna<\/strong> (Val\u00e8ncia).<\/p>\n\n<p>Es tracta d&#8217;una activitat GRATU\u00cfTA i presencial impartida per Clara Soler, Directora i Consultora de M\u00e0rqueting Digital, dirigida a Pimes que vulguen fer un salt de qualitat i organitzacions que han identificat la necessitat i volen deixar-se ajudar en aquest sentit.<\/p>\n\n<p>Per a m\u00e9s informaci\u00f3 i inscripci\u00f3, seguidament es facilita enlla\u00e7 al portal de l&#8217;EmprenemJunts.<\/p>\n\n<p>Esperem que siga de l&#8217;inter\u00e9s general del col\u00b7lectiu.<\/p>\n<style>.wp-block-kadence-advancedbtn.kb-btns_620a20-3a{gap:var(--global-kb-gap-xs, 0.5rem );justify-content:center;align-items:center;}.kt-btns_620a20-3a .kt-button{font-weight:normal;font-style:normal;}.kt-btns_620a20-3a .kt-btn-wrap-0{margin-right:5px;}.wp-block-kadence-advancedbtn.kt-btns_620a20-3a .kt-btn-wrap-0 .kt-button{color:var(--base-3);background:var(--accent);}.wp-block-kadence-advancedbtn.kt-btns_620a20-3a .kt-btn-wrap-0 .kt-button::before{display:none;}<\/style>\n<div class=\"wp-block-kadence-advancedbtn kt-btn-align-center kt-btn-tablet-align-inherit kt-btn-mobile-align-inherit kt-btns-wrap kt-btns_620a20-3a\"><div class=\"kt-btn-wrap kt-btn-wrap-0\"><a class=\"kt-button button kt-btn-0-action kt-btn-size-standard kt-btn-style-basic kt-btn-svg-show-always kt-btn-has-text-true kt-btn-has-svg-false kb-btn-global-inherit wp-block-button__link\" href=\"https:\/\/www.emprenemjunts.es\/?op=14&amp;n=19411\"><span class=\"kt-btn-inner-text\">Enlla\u00e7 a informaci\u00f3 Jornada &#8211; EMPRENEMJUNTS<\/span><\/a><\/div><\/div>\n","protected":false},"excerpt":{"rendered":"<p>A trav\u00e9s d&#8217;EmprenemJunts hem tingut acc\u00e9s a la informaci\u00f3 sobre la Jornada &#8220;Comunicaci\u00f3 digital per a la meua empresa: Les xarxes socials com a canal principal&#8221;. Aquesta se celebrar\u00e0 el Dijous 20 de gener de 2022, a les 16.15 en el CEEI Val\u00e8ncia, Av. Benjamin Franklin 12, Paterna (Val\u00e8ncia). Es tracta d&#8217;una activitat GRATU\u00cfTA i &#8230; <a title=\"Jornada: Comunicaci\u00f3 digital per a la meua empresa: Les xarxes socials com a canal principal\" class=\"read-more\" href=\"https:\/\/colefcafecv.com\/ca\/jornada-comunicacio-digital-per-a-la-meua-empresa-les-xarxes-socials-com-a-canal-principal\/\" aria-label=\"Read more about Jornada: Comunicaci\u00f3 digital per a la meua empresa: Les xarxes socials com a canal principal\">Read more<\/a><\/p>\n","protected":false},"author":14,"featured_media":7375,"comment_status":"closed","ping_status":"open","sticky":false,"template":"","format":"standard","meta":{"_uag_custom_page_level_css":"","_jet_sm_ready_style":"","_jet_sm_style":"","_jet_sm_controls_values":"","_jet_sm_fonts_collection":"","_jet_sm_fonts_links":"","footnotes":""},"categories":[226],"tags":[],"class_list":["post-7382","post","type-post","status-publish","format-standard","has-post-thumbnail","hentry","category-jornada-ca"],"yoast_head":"<!-- This site is optimized with the Yoast SEO plugin v27.5 - https:\/\/yoast.com\/product\/yoast-seo-wordpress\/ -->\n<title>Jornada: Comunicaci\u00f3 digital per a la meua empresa: Les xarxes socials com a canal principal - COLEF CV<\/title>\n<meta name=\"robots\" content=\"index, follow, max-snippet:-1, max-image-preview:large, max-video-preview:-1\" \/>\n<link rel=\"canonical\" href=\"https:\/\/colefcafecv.com\/ca\/jornada-comunicacio-digital-per-a-la-meua-empresa-les-xarxes-socials-com-a-canal-principal\/\" \/>\n<meta property=\"og:locale\" content=\"en_US\" \/>\n<meta property=\"og:type\" content=\"article\" \/>\n<meta property=\"og:title\" content=\"Jornada: Comunicaci\u00f3 digital per a la meua empresa: Les xarxes socials com a canal principal - COLEF CV\" \/>\n<meta property=\"og:description\" content=\"A trav\u00e9s d&#8217;EmprenemJunts hem tingut acc\u00e9s a la informaci\u00f3 sobre la Jornada &#8220;Comunicaci\u00f3 digital per a la meua empresa: Les xarxes socials com a canal principal&#8221;. Aquesta se celebrar\u00e0 el Dijous 20 de gener de 2022, a les 16.15 en el CEEI Val\u00e8ncia, Av. Benjamin Franklin 12, Paterna (Val\u00e8ncia). Es tracta d&#8217;una activitat GRATU\u00cfTA i ... Read more\" \/>\n<meta property=\"og:url\" content=\"https:\/\/colefcafecv.com\/ca\/jornada-comunicacio-digital-per-a-la-meua-empresa-les-xarxes-socials-com-a-canal-principal\/\" \/>\n<meta property=\"og:site_name\" content=\"COLEF CV\" \/>\n<meta property=\"article:publisher\" content=\"https:\/\/www.facebook.com\/colefcv\" \/>\n<meta property=\"article:published_time\" content=\"2021-12-23T13:39:04+00:00\" \/>\n<meta property=\"article:modified_time\" content=\"2021-12-23T14:08:25+00:00\" \/>\n<meta property=\"og:image\" content=\"https:\/\/colefcafecv.com\/wp-content\/uploads\/103571_fotoa_W.jpg\" \/>\n\t<meta property=\"og:image:width\" content=\"950\" \/>\n\t<meta property=\"og:image:height\" content=\"650\" \/>\n\t<meta property=\"og:image:type\" content=\"image\/jpeg\" \/>\n<meta name=\"author\" content=\"Jordi\" \/>\n<meta name=\"twitter:card\" content=\"summary_large_image\" \/>\n<meta name=\"twitter:label1\" content=\"Written by\" \/>\n\t<meta name=\"twitter:data1\" content=\"Jordi\" \/>\n\t<meta name=\"twitter:label2\" content=\"Est. reading time\" \/>\n\t<meta name=\"twitter:data2\" content=\"1 minute\" \/>\n<script type=\"application\/ld+json\" class=\"yoast-schema-graph\">{\"@context\":\"https:\\\/\\\/schema.org\",\"@graph\":[{\"@type\":\"Article\",\"@id\":\"https:\\\/\\\/colefcafecv.com\\\/ca\\\/jornada-comunicacio-digital-per-a-la-meua-empresa-les-xarxes-socials-com-a-canal-principal\\\/#article\",\"isPartOf\":{\"@id\":\"https:\\\/\\\/colefcafecv.com\\\/ca\\\/jornada-comunicacio-digital-per-a-la-meua-empresa-les-xarxes-socials-com-a-canal-principal\\\/\"},\"author\":{\"name\":\"Jordi\",\"@id\":\"https:\\\/\\\/colefcafecv.com\\\/ca\\\/#\\\/schema\\\/person\\\/b657c8a06160273e8bfb341770fb4755\"},\"headline\":\"Jornada: Comunicaci\u00f3 digital per a la meua empresa: Les xarxes socials com a canal principal\",\"datePublished\":\"2021-12-23T13:39:04+00:00\",\"dateModified\":\"2021-12-23T14:08:25+00:00\",\"mainEntityOfPage\":{\"@id\":\"https:\\\/\\\/colefcafecv.com\\\/ca\\\/jornada-comunicacio-digital-per-a-la-meua-empresa-les-xarxes-socials-com-a-canal-principal\\\/\"},\"wordCount\":142,\"publisher\":{\"@id\":\"https:\\\/\\\/colefcafecv.com\\\/ca\\\/#organization\"},\"image\":{\"@id\":\"https:\\\/\\\/colefcafecv.com\\\/ca\\\/jornada-comunicacio-digital-per-a-la-meua-empresa-les-xarxes-socials-com-a-canal-principal\\\/#primaryimage\"},\"thumbnailUrl\":\"https:\\\/\\\/colefcafecv.com\\\/wp-content\\\/uploads\\\/103571_fotoa_W.jpg\",\"articleSection\":[\"Jornada\"],\"inLanguage\":\"val\"},{\"@type\":\"WebPage\",\"@id\":\"https:\\\/\\\/colefcafecv.com\\\/ca\\\/jornada-comunicacio-digital-per-a-la-meua-empresa-les-xarxes-socials-com-a-canal-principal\\\/\",\"url\":\"https:\\\/\\\/colefcafecv.com\\\/ca\\\/jornada-comunicacio-digital-per-a-la-meua-empresa-les-xarxes-socials-com-a-canal-principal\\\/\",\"name\":\"Jornada: Comunicaci\u00f3 digital per a la meua empresa: Les xarxes socials com a canal principal - COLEF CV\",\"isPartOf\":{\"@id\":\"https:\\\/\\\/colefcafecv.com\\\/ca\\\/#website\"},\"primaryImageOfPage\":{\"@id\":\"https:\\\/\\\/colefcafecv.com\\\/ca\\\/jornada-comunicacio-digital-per-a-la-meua-empresa-les-xarxes-socials-com-a-canal-principal\\\/#primaryimage\"},\"image\":{\"@id\":\"https:\\\/\\\/colefcafecv.com\\\/ca\\\/jornada-comunicacio-digital-per-a-la-meua-empresa-les-xarxes-socials-com-a-canal-principal\\\/#primaryimage\"},\"thumbnailUrl\":\"https:\\\/\\\/colefcafecv.com\\\/wp-content\\\/uploads\\\/103571_fotoa_W.jpg\",\"datePublished\":\"2021-12-23T13:39:04+00:00\",\"dateModified\":\"2021-12-23T14:08:25+00:00\",\"breadcrumb\":{\"@id\":\"https:\\\/\\\/colefcafecv.com\\\/ca\\\/jornada-comunicacio-digital-per-a-la-meua-empresa-les-xarxes-socials-com-a-canal-principal\\\/#breadcrumb\"},\"inLanguage\":\"val\",\"potentialAction\":[{\"@type\":\"ReadAction\",\"target\":[\"https:\\\/\\\/colefcafecv.com\\\/ca\\\/jornada-comunicacio-digital-per-a-la-meua-empresa-les-xarxes-socials-com-a-canal-principal\\\/\"]}]},{\"@type\":\"ImageObject\",\"inLanguage\":\"val\",\"@id\":\"https:\\\/\\\/colefcafecv.com\\\/ca\\\/jornada-comunicacio-digital-per-a-la-meua-empresa-les-xarxes-socials-com-a-canal-principal\\\/#primaryimage\",\"url\":\"https:\\\/\\\/colefcafecv.com\\\/wp-content\\\/uploads\\\/103571_fotoa_W.jpg\",\"contentUrl\":\"https:\\\/\\\/colefcafecv.com\\\/wp-content\\\/uploads\\\/103571_fotoa_W.jpg\",\"width\":950,\"height\":650},{\"@type\":\"BreadcrumbList\",\"@id\":\"https:\\\/\\\/colefcafecv.com\\\/ca\\\/jornada-comunicacio-digital-per-a-la-meua-empresa-les-xarxes-socials-com-a-canal-principal\\\/#breadcrumb\",\"itemListElement\":[{\"@type\":\"ListItem\",\"position\":1,\"name\":\"Portada\",\"item\":\"https:\\\/\\\/colefcafecv.com\\\/ca\\\/\"},{\"@type\":\"ListItem\",\"position\":2,\"name\":\"Jornada: Comunicaci\u00f3 digital per a la meua empresa: Les xarxes socials com a canal principal\"}]},{\"@type\":\"WebSite\",\"@id\":\"https:\\\/\\\/colefcafecv.com\\\/ca\\\/#website\",\"url\":\"https:\\\/\\\/colefcafecv.com\\\/ca\\\/\",\"name\":\"Colegio de Licenciados en Educaci\u00f3n F\u00edsica de la Comunidad Valenciana\",\"description\":\"Il lustre Col legi oficial de Llicenciats en Educaci\u00f3 F\u00edsica i en Ci\u00e8ncies de l\u00b4Activitat F\u00edsica i de l\u00b4Esport de la Comunitat Valenciana\",\"publisher\":{\"@id\":\"https:\\\/\\\/colefcafecv.com\\\/ca\\\/#organization\"},\"potentialAction\":[{\"@type\":\"SearchAction\",\"target\":{\"@type\":\"EntryPoint\",\"urlTemplate\":\"https:\\\/\\\/colefcafecv.com\\\/ca\\\/?s={search_term_string}\"},\"query-input\":{\"@type\":\"PropertyValueSpecification\",\"valueRequired\":true,\"valueName\":\"search_term_string\"}}],\"inLanguage\":\"val\"},{\"@type\":\"Organization\",\"@id\":\"https:\\\/\\\/colefcafecv.com\\\/ca\\\/#organization\",\"name\":\"Colegio de Licenciados en Educaci\u00f3n F\u00edsica de la Comunidad Valenciana\",\"url\":\"https:\\\/\\\/colefcafecv.com\\\/ca\\\/\",\"logo\":{\"@type\":\"ImageObject\",\"inLanguage\":\"val\",\"@id\":\"https:\\\/\\\/colefcafecv.com\\\/ca\\\/#\\\/schema\\\/logo\\\/image\\\/\",\"url\":\"https:\\\/\\\/colefcafecv.com\\\/wp-content\\\/uploads\\\/2021\\\/01\\\/simbolo-logotipo-colef.png\",\"contentUrl\":\"https:\\\/\\\/colefcafecv.com\\\/wp-content\\\/uploads\\\/2021\\\/01\\\/simbolo-logotipo-colef.png\",\"width\":213,\"height\":271,\"caption\":\"Colegio de Licenciados en Educaci\u00f3n F\u00edsica de la Comunidad Valenciana\"},\"image\":{\"@id\":\"https:\\\/\\\/colefcafecv.com\\\/ca\\\/#\\\/schema\\\/logo\\\/image\\\/\"},\"sameAs\":[\"https:\\\/\\\/www.facebook.com\\\/colefcv\"]},{\"@type\":\"Person\",\"@id\":\"https:\\\/\\\/colefcafecv.com\\\/ca\\\/#\\\/schema\\\/person\\\/b657c8a06160273e8bfb341770fb4755\",\"name\":\"Jordi\",\"image\":{\"@type\":\"ImageObject\",\"inLanguage\":\"val\",\"@id\":\"https:\\\/\\\/secure.gravatar.com\\\/avatar\\\/915485f66538d765a8ec4b26f6066451a183ebaa56366a1fc4ffdeb89aef4ce8?s=96&d=mm&r=g\",\"url\":\"https:\\\/\\\/secure.gravatar.com\\\/avatar\\\/915485f66538d765a8ec4b26f6066451a183ebaa56366a1fc4ffdeb89aef4ce8?s=96&d=mm&r=g\",\"contentUrl\":\"https:\\\/\\\/secure.gravatar.com\\\/avatar\\\/915485f66538d765a8ec4b26f6066451a183ebaa56366a1fc4ffdeb89aef4ce8?s=96&d=mm&r=g\",\"caption\":\"Jordi\"},\"url\":\"https:\\\/\\\/colefcafecv.com\\\/ca\\\/author\\\/jordiadm\\\/\"}]}<\/script>\n<!-- \/ Yoast SEO plugin. -->","yoast_head_json":{"title":"Jornada: Comunicaci\u00f3 digital per a la meua empresa: Les xarxes socials com a canal principal - COLEF CV","robots":{"index":"index","follow":"follow","max-snippet":"max-snippet:-1","max-image-preview":"max-image-preview:large","max-video-preview":"max-video-preview:-1"},"canonical":"https:\/\/colefcafecv.com\/ca\/jornada-comunicacio-digital-per-a-la-meua-empresa-les-xarxes-socials-com-a-canal-principal\/","og_locale":"en_US","og_type":"article","og_title":"Jornada: Comunicaci\u00f3 digital per a la meua empresa: Les xarxes socials com a canal principal - COLEF CV","og_description":"A trav\u00e9s d&#8217;EmprenemJunts hem tingut acc\u00e9s a la informaci\u00f3 sobre la Jornada &#8220;Comunicaci\u00f3 digital per a la meua empresa: Les xarxes socials com a canal principal&#8221;. Aquesta se celebrar\u00e0 el Dijous 20 de gener de 2022, a les 16.15 en el CEEI Val\u00e8ncia, Av. Benjamin Franklin 12, Paterna (Val\u00e8ncia). Es tracta d&#8217;una activitat GRATU\u00cfTA i ... Read more","og_url":"https:\/\/colefcafecv.com\/ca\/jornada-comunicacio-digital-per-a-la-meua-empresa-les-xarxes-socials-com-a-canal-principal\/","og_site_name":"COLEF CV","article_publisher":"https:\/\/www.facebook.com\/colefcv","article_published_time":"2021-12-23T13:39:04+00:00","article_modified_time":"2021-12-23T14:08:25+00:00","og_image":[{"width":950,"height":650,"url":"https:\/\/colefcafecv.com\/wp-content\/uploads\/103571_fotoa_W.jpg","type":"image\/jpeg"}],"author":"Jordi","twitter_card":"summary_large_image","twitter_misc":{"Written by":"Jordi","Est. reading time":"1 minute"},"schema":{"@context":"https:\/\/schema.org","@graph":[{"@type":"Article","@id":"https:\/\/colefcafecv.com\/ca\/jornada-comunicacio-digital-per-a-la-meua-empresa-les-xarxes-socials-com-a-canal-principal\/#article","isPartOf":{"@id":"https:\/\/colefcafecv.com\/ca\/jornada-comunicacio-digital-per-a-la-meua-empresa-les-xarxes-socials-com-a-canal-principal\/"},"author":{"name":"Jordi","@id":"https:\/\/colefcafecv.com\/ca\/#\/schema\/person\/b657c8a06160273e8bfb341770fb4755"},"headline":"Jornada: Comunicaci\u00f3 digital per a la meua empresa: Les xarxes socials com a canal principal","datePublished":"2021-12-23T13:39:04+00:00","dateModified":"2021-12-23T14:08:25+00:00","mainEntityOfPage":{"@id":"https:\/\/colefcafecv.com\/ca\/jornada-comunicacio-digital-per-a-la-meua-empresa-les-xarxes-socials-com-a-canal-principal\/"},"wordCount":142,"publisher":{"@id":"https:\/\/colefcafecv.com\/ca\/#organization"},"image":{"@id":"https:\/\/colefcafecv.com\/ca\/jornada-comunicacio-digital-per-a-la-meua-empresa-les-xarxes-socials-com-a-canal-principal\/#primaryimage"},"thumbnailUrl":"https:\/\/colefcafecv.com\/wp-content\/uploads\/103571_fotoa_W.jpg","articleSection":["Jornada"],"inLanguage":"val"},{"@type":"WebPage","@id":"https:\/\/colefcafecv.com\/ca\/jornada-comunicacio-digital-per-a-la-meua-empresa-les-xarxes-socials-com-a-canal-principal\/","url":"https:\/\/colefcafecv.com\/ca\/jornada-comunicacio-digital-per-a-la-meua-empresa-les-xarxes-socials-com-a-canal-principal\/","name":"Jornada: Comunicaci\u00f3 digital per a la meua empresa: Les xarxes socials com a canal principal - COLEF CV","isPartOf":{"@id":"https:\/\/colefcafecv.com\/ca\/#website"},"primaryImageOfPage":{"@id":"https:\/\/colefcafecv.com\/ca\/jornada-comunicacio-digital-per-a-la-meua-empresa-les-xarxes-socials-com-a-canal-principal\/#primaryimage"},"image":{"@id":"https:\/\/colefcafecv.com\/ca\/jornada-comunicacio-digital-per-a-la-meua-empresa-les-xarxes-socials-com-a-canal-principal\/#primaryimage"},"thumbnailUrl":"https:\/\/colefcafecv.com\/wp-content\/uploads\/103571_fotoa_W.jpg","datePublished":"2021-12-23T13:39:04+00:00","dateModified":"2021-12-23T14:08:25+00:00","breadcrumb":{"@id":"https:\/\/colefcafecv.com\/ca\/jornada-comunicacio-digital-per-a-la-meua-empresa-les-xarxes-socials-com-a-canal-principal\/#breadcrumb"},"inLanguage":"val","potentialAction":[{"@type":"ReadAction","target":["https:\/\/colefcafecv.com\/ca\/jornada-comunicacio-digital-per-a-la-meua-empresa-les-xarxes-socials-com-a-canal-principal\/"]}]},{"@type":"ImageObject","inLanguage":"val","@id":"https:\/\/colefcafecv.com\/ca\/jornada-comunicacio-digital-per-a-la-meua-empresa-les-xarxes-socials-com-a-canal-principal\/#primaryimage","url":"https:\/\/colefcafecv.com\/wp-content\/uploads\/103571_fotoa_W.jpg","contentUrl":"https:\/\/colefcafecv.com\/wp-content\/uploads\/103571_fotoa_W.jpg","width":950,"height":650},{"@type":"BreadcrumbList","@id":"https:\/\/colefcafecv.com\/ca\/jornada-comunicacio-digital-per-a-la-meua-empresa-les-xarxes-socials-com-a-canal-principal\/#breadcrumb","itemListElement":[{"@type":"ListItem","position":1,"name":"Portada","item":"https:\/\/colefcafecv.com\/ca\/"},{"@type":"ListItem","position":2,"name":"Jornada: Comunicaci\u00f3 digital per a la meua empresa: Les xarxes socials com a canal principal"}]},{"@type":"WebSite","@id":"https:\/\/colefcafecv.com\/ca\/#website","url":"https:\/\/colefcafecv.com\/ca\/","name":"Colegio de Licenciados en Educaci\u00f3n F\u00edsica de la Comunidad Valenciana","description":"Il lustre Col legi oficial de Llicenciats en Educaci\u00f3 F\u00edsica i en Ci\u00e8ncies de l\u00b4Activitat F\u00edsica i de l\u00b4Esport de la Comunitat Valenciana","publisher":{"@id":"https:\/\/colefcafecv.com\/ca\/#organization"},"potentialAction":[{"@type":"SearchAction","target":{"@type":"EntryPoint","urlTemplate":"https:\/\/colefcafecv.com\/ca\/?s={search_term_string}"},"query-input":{"@type":"PropertyValueSpecification","valueRequired":true,"valueName":"search_term_string"}}],"inLanguage":"val"},{"@type":"Organization","@id":"https:\/\/colefcafecv.com\/ca\/#organization","name":"Colegio de Licenciados en Educaci\u00f3n F\u00edsica de la Comunidad Valenciana","url":"https:\/\/colefcafecv.com\/ca\/","logo":{"@type":"ImageObject","inLanguage":"val","@id":"https:\/\/colefcafecv.com\/ca\/#\/schema\/logo\/image\/","url":"https:\/\/colefcafecv.com\/wp-content\/uploads\/2021\/01\/simbolo-logotipo-colef.png","contentUrl":"https:\/\/colefcafecv.com\/wp-content\/uploads\/2021\/01\/simbolo-logotipo-colef.png","width":213,"height":271,"caption":"Colegio de Licenciados en Educaci\u00f3n F\u00edsica de la Comunidad Valenciana"},"image":{"@id":"https:\/\/colefcafecv.com\/ca\/#\/schema\/logo\/image\/"},"sameAs":["https:\/\/www.facebook.com\/colefcv"]},{"@type":"Person","@id":"https:\/\/colefcafecv.com\/ca\/#\/schema\/person\/b657c8a06160273e8bfb341770fb4755","name":"Jordi","image":{"@type":"ImageObject","inLanguage":"val","@id":"https:\/\/secure.gravatar.com\/avatar\/915485f66538d765a8ec4b26f6066451a183ebaa56366a1fc4ffdeb89aef4ce8?s=96&d=mm&r=g","url":"https:\/\/secure.gravatar.com\/avatar\/915485f66538d765a8ec4b26f6066451a183ebaa56366a1fc4ffdeb89aef4ce8?s=96&d=mm&r=g","contentUrl":"https:\/\/secure.gravatar.com\/avatar\/915485f66538d765a8ec4b26f6066451a183ebaa56366a1fc4ffdeb89aef4ce8?s=96&d=mm&r=g","caption":"Jordi"},"url":"https:\/\/colefcafecv.com\/ca\/author\/jordiadm\/"}]}},"uagb_featured_image_src":{"full":["https:\/\/colefcafecv.com\/wp-content\/uploads\/103571_fotoa_W.jpg",950,650,false],"thumbnail":["https:\/\/colefcafecv.com\/wp-content\/uploads\/103571_fotoa_W-150x103.jpg",150,103,true],"medium":["https:\/\/colefcafecv.com\/wp-content\/uploads\/103571_fotoa_W-300x205.jpg",300,205,true],"medium_large":["https:\/\/colefcafecv.com\/wp-content\/uploads\/103571_fotoa_W-768x525.jpg",768,525,true],"large":["https:\/\/colefcafecv.com\/wp-content\/uploads\/103571_fotoa_W.jpg",950,650,false],"thumblist":["https:\/\/colefcafecv.com\/wp-content\/uploads\/103571_fotoa_W-300x300.jpg",300,300,true],"meccarouselthumb":["https:\/\/colefcafecv.com\/wp-content\/uploads\/103571_fotoa_W-474x324.jpg",474,324,true],"gridsquare":["https:\/\/colefcafecv.com\/wp-content\/uploads\/103571_fotoa_W-391x260.jpg",391,260,true],"tileview":["https:\/\/colefcafecv.com\/wp-content\/uploads\/103571_fotoa_W-300x400.jpg",300,400,true],"1536x1536":["https:\/\/colefcafecv.com\/wp-content\/uploads\/103571_fotoa_W.jpg",950,650,false],"2048x2048":["https:\/\/colefcafecv.com\/wp-content\/uploads\/103571_fotoa_W.jpg",950,650,false],"ultp_layout_landscape_large":["https:\/\/colefcafecv.com\/wp-content\/uploads\/103571_fotoa_W.jpg",950,650,false],"ultp_layout_landscape":["https:\/\/colefcafecv.com\/wp-content\/uploads\/103571_fotoa_W-870x570.jpg",870,570,true],"ultp_layout_portrait":["https:\/\/colefcafecv.com\/wp-content\/uploads\/103571_fotoa_W-600x650.jpg",600,650,true],"ultp_layout_square":["https:\/\/colefcafecv.com\/wp-content\/uploads\/103571_fotoa_W-600x600.jpg",600,600,true]},"uagb_author_info":{"display_name":"Jordi","author_link":"https:\/\/colefcafecv.com\/ca\/author\/jordiadm\/"},"uagb_comment_info":0,"uagb_excerpt":"A trav\u00e9s d&#8217;EmprenemJunts hem tingut acc\u00e9s a la informaci\u00f3 sobre la Jornada &#8220;Comunicaci\u00f3 digital per a la meua empresa: Les xarxes socials com a canal principal&#8221;. Aquesta se celebrar\u00e0 el Dijous 20 de gener de 2022, a les 16.15 en el CEEI Val\u00e8ncia, Av. Benjamin Franklin 12, Paterna (Val\u00e8ncia). Es tracta d&#8217;una activitat GRATU\u00cfTA i&hellip;","_links":{"self":[{"href":"https:\/\/colefcafecv.com\/ca\/wp-json\/wp\/v2\/posts\/7382","targetHints":{"allow":["GET"]}}],"collection":[{"href":"https:\/\/colefcafecv.com\/ca\/wp-json\/wp\/v2\/posts"}],"about":[{"href":"https:\/\/colefcafecv.com\/ca\/wp-json\/wp\/v2\/types\/post"}],"author":[{"embeddable":true,"href":"https:\/\/colefcafecv.com\/ca\/wp-json\/wp\/v2\/users\/14"}],"replies":[{"embeddable":true,"href":"https:\/\/colefcafecv.com\/ca\/wp-json\/wp\/v2\/comments?post=7382"}],"version-history":[{"count":1,"href":"https:\/\/colefcafecv.com\/ca\/wp-json\/wp\/v2\/posts\/7382\/revisions"}],"predecessor-version":[{"id":7383,"href":"https:\/\/colefcafecv.com\/ca\/wp-json\/wp\/v2\/posts\/7382\/revisions\/7383"}],"wp:featuredmedia":[{"embeddable":true,"href":"https:\/\/colefcafecv.com\/ca\/wp-json\/wp\/v2\/media\/7375"}],"wp:attachment":[{"href":"https:\/\/colefcafecv.com\/ca\/wp-json\/wp\/v2\/media?parent=7382"}],"wp:term":[{"taxonomy":"category","embeddable":true,"href":"https:\/\/colefcafecv.com\/ca\/wp-json\/wp\/v2\/categories?post=7382"},{"taxonomy":"post_tag","embeddable":true,"href":"https:\/\/colefcafecv.com\/ca\/wp-json\/wp\/v2\/tags?post=7382"}],"curies":[{"name":"wp","href":"https:\/\/api.w.org\/{rel}","templated":true}]}}