{"id":14356,"date":"2026-04-28T14:57:39","date_gmt":"2026-04-28T12:57:39","guid":{"rendered":"https:\/\/colefcafecv.com\/?p=14356"},"modified":"2026-04-28T14:57:49","modified_gmt":"2026-04-28T12:57:49","slug":"cirque-du-soleil-arriba-a-valencia-i-alacant-amb-els-seus-espectacles-alegria-i-kurios","status":"publish","type":"post","link":"https:\/\/colefcafecv.com\/ca\/cirque-du-soleil-arriba-a-valencia-i-alacant-amb-els-seus-espectacles-alegria-i-kurios\/","title":{"rendered":"CIRQUE DU SOLEIL ARRIBA A VAL\u00c8NCIA I ALACANT AMB ELS SEUS ESPECTACLES \u201cALEGR\u00cdA\u201d I \u201cKURIOS\u201d"},"content":{"rendered":"\n<p>Col\u00b7legiats\/as deCOLEF CV us anunciem que podreu gaudir d&#8217;una promoci\u00f3 exclusiva d&#8217;un 20% de descompte en determinades entrades i dies per als dos espectacles.<\/p>\n\n\n\n<p><strong>ALEGRIA<\/strong> tindr\u00e0 lloc a partir del 22 de Maig a Val\u00e8ncia i ha sigut recreada com una obra mestra atemporal del Cirque du Soleil perqu\u00e8 la gaudisca una nova generaci\u00f3. En el centre d&#8217;un regne que ha perdut al seu rei, Alegria observa el conflicte entre l&#8217;orde establit i un nou moviment que anhela l&#8217;esperan\u00e7a i el rejoveniment. D&#8217;una banda, estan els arist\u00f2crates i el seu suposat rei, un boig que reclama el tron i vol mantindre el sistema actual. I, d&#8217;altra banda, un moviment nou i hum\u00e0 que sorgix dels carrers per a desafiar a l&#8217;autoritat establida.<\/p>\n\n\n\n<p><strong>KURIOS<\/strong> arribar\u00e0 a partir del 16 de Juliol a Alacant, on en un passat alternatiu per\u00f2 familiar, el protagonista s&#8217;endinsa en el laboratori mec\u00e0nic d&#8217;un cient\u00edfic conven\u00e7ut que existix un m\u00f3n ocult i invisible, un lloc on esperen les idees m\u00e9s boges i els somnis m\u00e9s grandiosos. Una vegada que el Cient\u00edfic aconseguix obrir la porta a este m\u00f3n de meravelles, el temps es det\u00e9 per complet i un elenc de personatges d&#8217;un altre m\u00f3n invadix el seu gabinet de curiositats, donant vida a les seues creacions improvisades una a una. A mesura que l&#8217;invisible es torna visible i les perspectives es transformen, KURIOS esclata en una celebraci\u00f3 del poder de la imaginaci\u00f3.<\/p>\n\n\n\n<p><strong>Tota la informaci\u00f3 per a aconseguir el teu descompte en els seg\u00fcents enlla\u00e7os:<\/strong><\/p>\n\n\n\n<div class=\"wp-block-ultimate-post-button-group ultp-block-7755eb\"><div class=\"ultp-button-wrapper ultp-button-frontend ultp-anim-none\">\n<a class=\"wp-block-ultimate-post-button ultp-block-29ac3b ultp-button-layout2\" href=\"https:\/\/colefcafecv.com\/events\/descuento-cirquedusoleilvalencia\/?_thumbnail_id=14265\" target=\"_blank\" rel=\"noopener\"><div class=\"ultp-button-text\">Cirque du Soleil ALEGRIA (Val\u00e8ncia)<\/div><\/a>\n<\/div><\/div>\n\n\n\n<div class=\"wp-block-ultimate-post-button-group ultp-block-b62272\"><div class=\"ultp-button-wrapper ultp-button-frontend ultp-anim-none\">\n<a class=\"wp-block-ultimate-post-button ultp-block-8fe763 ultp-button-layout2\" href=\"https:\/\/colefcafecv.com\/events\/descuento-cirquedusoleilalicante\/?preview_id=14275&amp;preview_nonce=0f92c9dce0&amp;preview=true&amp;_thumbnail_id=14279\" target=\"_blank\" rel=\"noopener\"><div class=\"ultp-button-text\">Cirque du Soleil KURIOS (Alacant)   <\/div><\/a>\n<\/div><\/div>\n\n\n\n<p><\/p>\n","protected":false},"excerpt":{"rendered":"<p>Col\u00b7legiats\/as deCOLEF CV us anunciem que podreu gaudir d&#8217;una promoci\u00f3 exclusiva d&#8217;un 20% de descompte en determinades entrades i dies per als dos espectacles. ALEGRIA tindr\u00e0 lloc a partir del 22 de Maig a Val\u00e8ncia i ha sigut recreada com una obra mestra atemporal del Cirque du Soleil perqu\u00e8 la gaudisca una nova generaci\u00f3. En &#8230; <a title=\"CIRQUE DU SOLEIL ARRIBA A VAL\u00c8NCIA I ALACANT AMB ELS SEUS ESPECTACLES \u201cALEGR\u00cdA\u201d I \u201cKURIOS\u201d\" class=\"read-more\" href=\"https:\/\/colefcafecv.com\/ca\/cirque-du-soleil-arriba-a-valencia-i-alacant-amb-els-seus-espectacles-alegria-i-kurios\/\" aria-label=\"Read more about CIRQUE DU SOLEIL ARRIBA A VAL\u00c8NCIA I ALACANT AMB ELS SEUS ESPECTACLES \u201cALEGR\u00cdA\u201d I \u201cKURIOS\u201d\">Read more<\/a><\/p>\n","protected":false},"author":1,"featured_media":5928,"comment_status":"closed","ping_status":"open","sticky":false,"template":"","format":"standard","meta":{"_uag_custom_page_level_css":"","_jet_sm_ready_style":"","_jet_sm_style":"","_jet_sm_controls_values":"","_jet_sm_fonts_collection":"","_jet_sm_fonts_links":"","footnotes":""},"categories":[80],"tags":[],"class_list":["post-14356","post","type-post","status-publish","format-standard","has-post-thumbnail","hentry","category-sense-categoria"],"yoast_head":"<!-- This site is optimized with the Yoast SEO plugin v27.5 - https:\/\/yoast.com\/product\/yoast-seo-wordpress\/ -->\n<title>CIRQUE DU SOLEIL ARRIBA A VAL\u00c8NCIA I ALACANT AMB ELS SEUS ESPECTACLES \u201cALEGR\u00cdA\u201d I \u201cKURIOS\u201d - COLEF CV<\/title>\n<meta name=\"robots\" content=\"index, follow, max-snippet:-1, max-image-preview:large, max-video-preview:-1\" \/>\n<link rel=\"canonical\" href=\"https:\/\/colefcafecv.com\/ca\/cirque-du-soleil-arriba-a-valencia-i-alacant-amb-els-seus-espectacles-alegria-i-kurios\/\" \/>\n<meta property=\"og:locale\" content=\"en_US\" \/>\n<meta property=\"og:type\" content=\"article\" \/>\n<meta property=\"og:title\" content=\"CIRQUE DU SOLEIL ARRIBA A VAL\u00c8NCIA I ALACANT AMB ELS SEUS ESPECTACLES \u201cALEGR\u00cdA\u201d I \u201cKURIOS\u201d - COLEF CV\" \/>\n<meta property=\"og:description\" content=\"Col\u00b7legiats\/as deCOLEF CV us anunciem que podreu gaudir d&#8217;una promoci\u00f3 exclusiva d&#8217;un 20% de descompte en determinades entrades i dies per als dos espectacles. ALEGRIA tindr\u00e0 lloc a partir del 22 de Maig a Val\u00e8ncia i ha sigut recreada com una obra mestra atemporal del Cirque du Soleil perqu\u00e8 la gaudisca una nova generaci\u00f3. En ... Read more\" \/>\n<meta property=\"og:url\" content=\"https:\/\/colefcafecv.com\/ca\/cirque-du-soleil-arriba-a-valencia-i-alacant-amb-els-seus-espectacles-alegria-i-kurios\/\" \/>\n<meta property=\"og:site_name\" content=\"COLEF CV\" \/>\n<meta property=\"article:publisher\" content=\"https:\/\/www.facebook.com\/colefcv\" \/>\n<meta property=\"article:published_time\" content=\"2026-04-28T12:57:39+00:00\" \/>\n<meta property=\"article:modified_time\" content=\"2026-04-28T12:57:49+00:00\" \/>\n<meta name=\"author\" content=\"Roberto\" \/>\n<meta name=\"twitter:card\" content=\"summary_large_image\" \/>\n<meta name=\"twitter:label1\" content=\"Written by\" \/>\n\t<meta name=\"twitter:data1\" content=\"Roberto\" \/>\n\t<meta name=\"twitter:label2\" content=\"Est. reading time\" \/>\n\t<meta name=\"twitter:data2\" content=\"2 minutes\" \/>\n<script type=\"application\/ld+json\" class=\"yoast-schema-graph\">{\"@context\":\"https:\\\/\\\/schema.org\",\"@graph\":[{\"@type\":\"Article\",\"@id\":\"https:\\\/\\\/colefcafecv.com\\\/ca\\\/cirque-du-soleil-arriba-a-valencia-i-alacant-amb-els-seus-espectacles-alegria-i-kurios\\\/#article\",\"isPartOf\":{\"@id\":\"https:\\\/\\\/colefcafecv.com\\\/ca\\\/cirque-du-soleil-arriba-a-valencia-i-alacant-amb-els-seus-espectacles-alegria-i-kurios\\\/\"},\"author\":{\"name\":\"Roberto\",\"@id\":\"https:\\\/\\\/colefcafecv.com\\\/ca\\\/#\\\/schema\\\/person\\\/45efe27634215c5aae4108c133cfdd5a\"},\"headline\":\"CIRQUE DU SOLEIL ARRIBA A VAL\u00c8NCIA I ALACANT AMB ELS SEUS ESPECTACLES \u201cALEGR\u00cdA\u201d I \u201cKURIOS\u201d\",\"datePublished\":\"2026-04-28T12:57:39+00:00\",\"dateModified\":\"2026-04-28T12:57:49+00:00\",\"mainEntityOfPage\":{\"@id\":\"https:\\\/\\\/colefcafecv.com\\\/ca\\\/cirque-du-soleil-arriba-a-valencia-i-alacant-amb-els-seus-espectacles-alegria-i-kurios\\\/\"},\"wordCount\":301,\"publisher\":{\"@id\":\"https:\\\/\\\/colefcafecv.com\\\/ca\\\/#organization\"},\"image\":{\"@id\":\"https:\\\/\\\/colefcafecv.com\\\/ca\\\/cirque-du-soleil-arriba-a-valencia-i-alacant-amb-els-seus-espectacles-alegria-i-kurios\\\/#primaryimage\"},\"thumbnailUrl\":\"https:\\\/\\\/colefcafecv.com\\\/wp-content\\\/uploads\\\/default_thumb.png\",\"articleSection\":[\"Sense categoria\"],\"inLanguage\":\"val\"},{\"@type\":\"WebPage\",\"@id\":\"https:\\\/\\\/colefcafecv.com\\\/ca\\\/cirque-du-soleil-arriba-a-valencia-i-alacant-amb-els-seus-espectacles-alegria-i-kurios\\\/\",\"url\":\"https:\\\/\\\/colefcafecv.com\\\/ca\\\/cirque-du-soleil-arriba-a-valencia-i-alacant-amb-els-seus-espectacles-alegria-i-kurios\\\/\",\"name\":\"CIRQUE DU SOLEIL ARRIBA A VAL\u00c8NCIA I ALACANT AMB ELS SEUS ESPECTACLES \u201cALEGR\u00cdA\u201d I \u201cKURIOS\u201d - COLEF CV\",\"isPartOf\":{\"@id\":\"https:\\\/\\\/colefcafecv.com\\\/ca\\\/#website\"},\"primaryImageOfPage\":{\"@id\":\"https:\\\/\\\/colefcafecv.com\\\/ca\\\/cirque-du-soleil-arriba-a-valencia-i-alacant-amb-els-seus-espectacles-alegria-i-kurios\\\/#primaryimage\"},\"image\":{\"@id\":\"https:\\\/\\\/colefcafecv.com\\\/ca\\\/cirque-du-soleil-arriba-a-valencia-i-alacant-amb-els-seus-espectacles-alegria-i-kurios\\\/#primaryimage\"},\"thumbnailUrl\":\"https:\\\/\\\/colefcafecv.com\\\/wp-content\\\/uploads\\\/default_thumb.png\",\"datePublished\":\"2026-04-28T12:57:39+00:00\",\"dateModified\":\"2026-04-28T12:57:49+00:00\",\"breadcrumb\":{\"@id\":\"https:\\\/\\\/colefcafecv.com\\\/ca\\\/cirque-du-soleil-arriba-a-valencia-i-alacant-amb-els-seus-espectacles-alegria-i-kurios\\\/#breadcrumb\"},\"inLanguage\":\"val\",\"potentialAction\":[{\"@type\":\"ReadAction\",\"target\":[\"https:\\\/\\\/colefcafecv.com\\\/ca\\\/cirque-du-soleil-arriba-a-valencia-i-alacant-amb-els-seus-espectacles-alegria-i-kurios\\\/\"]}]},{\"@type\":\"ImageObject\",\"inLanguage\":\"val\",\"@id\":\"https:\\\/\\\/colefcafecv.com\\\/ca\\\/cirque-du-soleil-arriba-a-valencia-i-alacant-amb-els-seus-espectacles-alegria-i-kurios\\\/#primaryimage\",\"url\":\"https:\\\/\\\/colefcafecv.com\\\/wp-content\\\/uploads\\\/default_thumb.png\",\"contentUrl\":\"https:\\\/\\\/colefcafecv.com\\\/wp-content\\\/uploads\\\/default_thumb.png\",\"width\":950,\"height\":650},{\"@type\":\"BreadcrumbList\",\"@id\":\"https:\\\/\\\/colefcafecv.com\\\/ca\\\/cirque-du-soleil-arriba-a-valencia-i-alacant-amb-els-seus-espectacles-alegria-i-kurios\\\/#breadcrumb\",\"itemListElement\":[{\"@type\":\"ListItem\",\"position\":1,\"name\":\"Portada\",\"item\":\"https:\\\/\\\/colefcafecv.com\\\/ca\\\/\"},{\"@type\":\"ListItem\",\"position\":2,\"name\":\"CIRQUE DU SOLEIL ARRIBA A VAL\u00c8NCIA I ALACANT AMB ELS SEUS ESPECTACLES \u201cALEGR\u00cdA\u201d I \u201cKURIOS\u201d\"}]},{\"@type\":\"WebSite\",\"@id\":\"https:\\\/\\\/colefcafecv.com\\\/ca\\\/#website\",\"url\":\"https:\\\/\\\/colefcafecv.com\\\/ca\\\/\",\"name\":\"Colegio de Licenciados en Educaci\u00f3n F\u00edsica de la Comunidad Valenciana\",\"description\":\"Il lustre Col legi oficial de Llicenciats en Educaci\u00f3 F\u00edsica i en Ci\u00e8ncies de l\u00b4Activitat F\u00edsica i de l\u00b4Esport de la Comunitat Valenciana\",\"publisher\":{\"@id\":\"https:\\\/\\\/colefcafecv.com\\\/ca\\\/#organization\"},\"potentialAction\":[{\"@type\":\"SearchAction\",\"target\":{\"@type\":\"EntryPoint\",\"urlTemplate\":\"https:\\\/\\\/colefcafecv.com\\\/ca\\\/?s={search_term_string}\"},\"query-input\":{\"@type\":\"PropertyValueSpecification\",\"valueRequired\":true,\"valueName\":\"search_term_string\"}}],\"inLanguage\":\"val\"},{\"@type\":\"Organization\",\"@id\":\"https:\\\/\\\/colefcafecv.com\\\/ca\\\/#organization\",\"name\":\"Colegio de Licenciados en Educaci\u00f3n F\u00edsica de la Comunidad Valenciana\",\"url\":\"https:\\\/\\\/colefcafecv.com\\\/ca\\\/\",\"logo\":{\"@type\":\"ImageObject\",\"inLanguage\":\"val\",\"@id\":\"https:\\\/\\\/colefcafecv.com\\\/ca\\\/#\\\/schema\\\/logo\\\/image\\\/\",\"url\":\"https:\\\/\\\/colefcafecv.com\\\/wp-content\\\/uploads\\\/2021\\\/01\\\/simbolo-logotipo-colef.png\",\"contentUrl\":\"https:\\\/\\\/colefcafecv.com\\\/wp-content\\\/uploads\\\/2021\\\/01\\\/simbolo-logotipo-colef.png\",\"width\":213,\"height\":271,\"caption\":\"Colegio de Licenciados en Educaci\u00f3n F\u00edsica de la Comunidad Valenciana\"},\"image\":{\"@id\":\"https:\\\/\\\/colefcafecv.com\\\/ca\\\/#\\\/schema\\\/logo\\\/image\\\/\"},\"sameAs\":[\"https:\\\/\\\/www.facebook.com\\\/colefcv\"]},{\"@type\":\"Person\",\"@id\":\"https:\\\/\\\/colefcafecv.com\\\/ca\\\/#\\\/schema\\\/person\\\/45efe27634215c5aae4108c133cfdd5a\",\"name\":\"Roberto\",\"image\":{\"@type\":\"ImageObject\",\"inLanguage\":\"val\",\"@id\":\"https:\\\/\\\/secure.gravatar.com\\\/avatar\\\/572d0766dc44353a11b9091019a95d21e19a15010138d5aabef20adf4667a489?s=96&d=mm&r=g\",\"url\":\"https:\\\/\\\/secure.gravatar.com\\\/avatar\\\/572d0766dc44353a11b9091019a95d21e19a15010138d5aabef20adf4667a489?s=96&d=mm&r=g\",\"contentUrl\":\"https:\\\/\\\/secure.gravatar.com\\\/avatar\\\/572d0766dc44353a11b9091019a95d21e19a15010138d5aabef20adf4667a489?s=96&d=mm&r=g\",\"caption\":\"Roberto\"},\"sameAs\":[\"https:\\\/\\\/colefcafecv.com\"],\"url\":\"https:\\\/\\\/colefcafecv.com\\\/ca\\\/author\\\/administrador\\\/\"}]}<\/script>\n<!-- \/ Yoast SEO plugin. -->","yoast_head_json":{"title":"CIRQUE DU SOLEIL ARRIBA A VAL\u00c8NCIA I ALACANT AMB ELS SEUS ESPECTACLES \u201cALEGR\u00cdA\u201d I \u201cKURIOS\u201d - COLEF CV","robots":{"index":"index","follow":"follow","max-snippet":"max-snippet:-1","max-image-preview":"max-image-preview:large","max-video-preview":"max-video-preview:-1"},"canonical":"https:\/\/colefcafecv.com\/ca\/cirque-du-soleil-arriba-a-valencia-i-alacant-amb-els-seus-espectacles-alegria-i-kurios\/","og_locale":"en_US","og_type":"article","og_title":"CIRQUE DU SOLEIL ARRIBA A VAL\u00c8NCIA I ALACANT AMB ELS SEUS ESPECTACLES \u201cALEGR\u00cdA\u201d I \u201cKURIOS\u201d - COLEF CV","og_description":"Col\u00b7legiats\/as deCOLEF CV us anunciem que podreu gaudir d&#8217;una promoci\u00f3 exclusiva d&#8217;un 20% de descompte en determinades entrades i dies per als dos espectacles. ALEGRIA tindr\u00e0 lloc a partir del 22 de Maig a Val\u00e8ncia i ha sigut recreada com una obra mestra atemporal del Cirque du Soleil perqu\u00e8 la gaudisca una nova generaci\u00f3. En ... Read more","og_url":"https:\/\/colefcafecv.com\/ca\/cirque-du-soleil-arriba-a-valencia-i-alacant-amb-els-seus-espectacles-alegria-i-kurios\/","og_site_name":"COLEF CV","article_publisher":"https:\/\/www.facebook.com\/colefcv","article_published_time":"2026-04-28T12:57:39+00:00","article_modified_time":"2026-04-28T12:57:49+00:00","author":"Roberto","twitter_card":"summary_large_image","twitter_misc":{"Written by":"Roberto","Est. reading time":"2 minutes"},"schema":{"@context":"https:\/\/schema.org","@graph":[{"@type":"Article","@id":"https:\/\/colefcafecv.com\/ca\/cirque-du-soleil-arriba-a-valencia-i-alacant-amb-els-seus-espectacles-alegria-i-kurios\/#article","isPartOf":{"@id":"https:\/\/colefcafecv.com\/ca\/cirque-du-soleil-arriba-a-valencia-i-alacant-amb-els-seus-espectacles-alegria-i-kurios\/"},"author":{"name":"Roberto","@id":"https:\/\/colefcafecv.com\/ca\/#\/schema\/person\/45efe27634215c5aae4108c133cfdd5a"},"headline":"CIRQUE DU SOLEIL ARRIBA A VAL\u00c8NCIA I ALACANT AMB ELS SEUS ESPECTACLES \u201cALEGR\u00cdA\u201d I \u201cKURIOS\u201d","datePublished":"2026-04-28T12:57:39+00:00","dateModified":"2026-04-28T12:57:49+00:00","mainEntityOfPage":{"@id":"https:\/\/colefcafecv.com\/ca\/cirque-du-soleil-arriba-a-valencia-i-alacant-amb-els-seus-espectacles-alegria-i-kurios\/"},"wordCount":301,"publisher":{"@id":"https:\/\/colefcafecv.com\/ca\/#organization"},"image":{"@id":"https:\/\/colefcafecv.com\/ca\/cirque-du-soleil-arriba-a-valencia-i-alacant-amb-els-seus-espectacles-alegria-i-kurios\/#primaryimage"},"thumbnailUrl":"https:\/\/colefcafecv.com\/wp-content\/uploads\/default_thumb.png","articleSection":["Sense categoria"],"inLanguage":"val"},{"@type":"WebPage","@id":"https:\/\/colefcafecv.com\/ca\/cirque-du-soleil-arriba-a-valencia-i-alacant-amb-els-seus-espectacles-alegria-i-kurios\/","url":"https:\/\/colefcafecv.com\/ca\/cirque-du-soleil-arriba-a-valencia-i-alacant-amb-els-seus-espectacles-alegria-i-kurios\/","name":"CIRQUE DU SOLEIL ARRIBA A VAL\u00c8NCIA I ALACANT AMB ELS SEUS ESPECTACLES \u201cALEGR\u00cdA\u201d I \u201cKURIOS\u201d - COLEF CV","isPartOf":{"@id":"https:\/\/colefcafecv.com\/ca\/#website"},"primaryImageOfPage":{"@id":"https:\/\/colefcafecv.com\/ca\/cirque-du-soleil-arriba-a-valencia-i-alacant-amb-els-seus-espectacles-alegria-i-kurios\/#primaryimage"},"image":{"@id":"https:\/\/colefcafecv.com\/ca\/cirque-du-soleil-arriba-a-valencia-i-alacant-amb-els-seus-espectacles-alegria-i-kurios\/#primaryimage"},"thumbnailUrl":"https:\/\/colefcafecv.com\/wp-content\/uploads\/default_thumb.png","datePublished":"2026-04-28T12:57:39+00:00","dateModified":"2026-04-28T12:57:49+00:00","breadcrumb":{"@id":"https:\/\/colefcafecv.com\/ca\/cirque-du-soleil-arriba-a-valencia-i-alacant-amb-els-seus-espectacles-alegria-i-kurios\/#breadcrumb"},"inLanguage":"val","potentialAction":[{"@type":"ReadAction","target":["https:\/\/colefcafecv.com\/ca\/cirque-du-soleil-arriba-a-valencia-i-alacant-amb-els-seus-espectacles-alegria-i-kurios\/"]}]},{"@type":"ImageObject","inLanguage":"val","@id":"https:\/\/colefcafecv.com\/ca\/cirque-du-soleil-arriba-a-valencia-i-alacant-amb-els-seus-espectacles-alegria-i-kurios\/#primaryimage","url":"https:\/\/colefcafecv.com\/wp-content\/uploads\/default_thumb.png","contentUrl":"https:\/\/colefcafecv.com\/wp-content\/uploads\/default_thumb.png","width":950,"height":650},{"@type":"BreadcrumbList","@id":"https:\/\/colefcafecv.com\/ca\/cirque-du-soleil-arriba-a-valencia-i-alacant-amb-els-seus-espectacles-alegria-i-kurios\/#breadcrumb","itemListElement":[{"@type":"ListItem","position":1,"name":"Portada","item":"https:\/\/colefcafecv.com\/ca\/"},{"@type":"ListItem","position":2,"name":"CIRQUE DU SOLEIL ARRIBA A VAL\u00c8NCIA I ALACANT AMB ELS SEUS ESPECTACLES \u201cALEGR\u00cdA\u201d I \u201cKURIOS\u201d"}]},{"@type":"WebSite","@id":"https:\/\/colefcafecv.com\/ca\/#website","url":"https:\/\/colefcafecv.com\/ca\/","name":"Colegio de Licenciados en Educaci\u00f3n F\u00edsica de la Comunidad Valenciana","description":"Il lustre Col legi oficial de Llicenciats en Educaci\u00f3 F\u00edsica i en Ci\u00e8ncies de l\u00b4Activitat F\u00edsica i de l\u00b4Esport de la Comunitat Valenciana","publisher":{"@id":"https:\/\/colefcafecv.com\/ca\/#organization"},"potentialAction":[{"@type":"SearchAction","target":{"@type":"EntryPoint","urlTemplate":"https:\/\/colefcafecv.com\/ca\/?s={search_term_string}"},"query-input":{"@type":"PropertyValueSpecification","valueRequired":true,"valueName":"search_term_string"}}],"inLanguage":"val"},{"@type":"Organization","@id":"https:\/\/colefcafecv.com\/ca\/#organization","name":"Colegio de Licenciados en Educaci\u00f3n F\u00edsica de la Comunidad Valenciana","url":"https:\/\/colefcafecv.com\/ca\/","logo":{"@type":"ImageObject","inLanguage":"val","@id":"https:\/\/colefcafecv.com\/ca\/#\/schema\/logo\/image\/","url":"https:\/\/colefcafecv.com\/wp-content\/uploads\/2021\/01\/simbolo-logotipo-colef.png","contentUrl":"https:\/\/colefcafecv.com\/wp-content\/uploads\/2021\/01\/simbolo-logotipo-colef.png","width":213,"height":271,"caption":"Colegio de Licenciados en Educaci\u00f3n F\u00edsica de la Comunidad Valenciana"},"image":{"@id":"https:\/\/colefcafecv.com\/ca\/#\/schema\/logo\/image\/"},"sameAs":["https:\/\/www.facebook.com\/colefcv"]},{"@type":"Person","@id":"https:\/\/colefcafecv.com\/ca\/#\/schema\/person\/45efe27634215c5aae4108c133cfdd5a","name":"Roberto","image":{"@type":"ImageObject","inLanguage":"val","@id":"https:\/\/secure.gravatar.com\/avatar\/572d0766dc44353a11b9091019a95d21e19a15010138d5aabef20adf4667a489?s=96&d=mm&r=g","url":"https:\/\/secure.gravatar.com\/avatar\/572d0766dc44353a11b9091019a95d21e19a15010138d5aabef20adf4667a489?s=96&d=mm&r=g","contentUrl":"https:\/\/secure.gravatar.com\/avatar\/572d0766dc44353a11b9091019a95d21e19a15010138d5aabef20adf4667a489?s=96&d=mm&r=g","caption":"Roberto"},"sameAs":["https:\/\/colefcafecv.com"],"url":"https:\/\/colefcafecv.com\/ca\/author\/administrador\/"}]}},"uagb_featured_image_src":{"full":["https:\/\/colefcafecv.com\/wp-content\/uploads\/default_thumb.png",950,650,false],"thumbnail":["https:\/\/colefcafecv.com\/wp-content\/uploads\/default_thumb-150x103.png",150,103,true],"medium":["https:\/\/colefcafecv.com\/wp-content\/uploads\/default_thumb-300x205.png",300,205,true],"medium_large":["https:\/\/colefcafecv.com\/wp-content\/uploads\/default_thumb-768x525.png",768,525,true],"large":["https:\/\/colefcafecv.com\/wp-content\/uploads\/default_thumb.png",950,650,false],"thumblist":["https:\/\/colefcafecv.com\/wp-content\/uploads\/default_thumb-300x300.png",300,300,true],"meccarouselthumb":["https:\/\/colefcafecv.com\/wp-content\/uploads\/default_thumb-474x324.png",474,324,true],"gridsquare":["https:\/\/colefcafecv.com\/wp-content\/uploads\/default_thumb-391x260.png",391,260,true],"tileview":["https:\/\/colefcafecv.com\/wp-content\/uploads\/default_thumb-300x400.png",300,400,true],"1536x1536":["https:\/\/colefcafecv.com\/wp-content\/uploads\/default_thumb.png",950,650,false],"2048x2048":["https:\/\/colefcafecv.com\/wp-content\/uploads\/default_thumb.png",950,650,false],"ultp_layout_landscape_large":["https:\/\/colefcafecv.com\/wp-content\/uploads\/default_thumb.png",950,650,false],"ultp_layout_landscape":["https:\/\/colefcafecv.com\/wp-content\/uploads\/default_thumb-870x570.png",870,570,true],"ultp_layout_portrait":["https:\/\/colefcafecv.com\/wp-content\/uploads\/default_thumb-600x650.png",600,650,true],"ultp_layout_square":["https:\/\/colefcafecv.com\/wp-content\/uploads\/default_thumb-600x600.png",600,600,true]},"uagb_author_info":{"display_name":"Roberto","author_link":"https:\/\/colefcafecv.com\/ca\/author\/administrador\/"},"uagb_comment_info":0,"uagb_excerpt":"Col\u00b7legiats\/as deCOLEF CV us anunciem que podreu gaudir d&#8217;una promoci\u00f3 exclusiva d&#8217;un 20% de descompte en determinades entrades i dies per als dos espectacles. ALEGRIA tindr\u00e0 lloc a partir del 22 de Maig a Val\u00e8ncia i ha sigut recreada com una obra mestra atemporal del Cirque du Soleil perqu\u00e8 la gaudisca una nova generaci\u00f3. En&hellip;","_links":{"self":[{"href":"https:\/\/colefcafecv.com\/ca\/wp-json\/wp\/v2\/posts\/14356","targetHints":{"allow":["GET"]}}],"collection":[{"href":"https:\/\/colefcafecv.com\/ca\/wp-json\/wp\/v2\/posts"}],"about":[{"href":"https:\/\/colefcafecv.com\/ca\/wp-json\/wp\/v2\/types\/post"}],"author":[{"embeddable":true,"href":"https:\/\/colefcafecv.com\/ca\/wp-json\/wp\/v2\/users\/1"}],"replies":[{"embeddable":true,"href":"https:\/\/colefcafecv.com\/ca\/wp-json\/wp\/v2\/comments?post=14356"}],"version-history":[{"count":2,"href":"https:\/\/colefcafecv.com\/ca\/wp-json\/wp\/v2\/posts\/14356\/revisions"}],"predecessor-version":[{"id":14359,"href":"https:\/\/colefcafecv.com\/ca\/wp-json\/wp\/v2\/posts\/14356\/revisions\/14359"}],"wp:featuredmedia":[{"embeddable":true,"href":"https:\/\/colefcafecv.com\/ca\/wp-json\/wp\/v2\/media\/5928"}],"wp:attachment":[{"href":"https:\/\/colefcafecv.com\/ca\/wp-json\/wp\/v2\/media?parent=14356"}],"wp:term":[{"taxonomy":"category","embeddable":true,"href":"https:\/\/colefcafecv.com\/ca\/wp-json\/wp\/v2\/categories?post=14356"},{"taxonomy":"post_tag","embeddable":true,"href":"https:\/\/colefcafecv.com\/ca\/wp-json\/wp\/v2\/tags?post=14356"}],"curies":[{"name":"wp","href":"https:\/\/api.w.org\/{rel}","templated":true}]}}