{"id":11079,"date":"2024-02-27T18:16:09","date_gmt":"2024-02-27T17:16:09","guid":{"rendered":"https:\/\/colefcafecv.com\/?p=11079"},"modified":"2024-02-28T08:44:59","modified_gmt":"2024-02-28T07:44:59","slug":"el-colef-cv-present-a-la-ceu-cardenal-herrera-de-castello","status":"publish","type":"post","link":"https:\/\/colefcafecv.com\/ca\/el-colef-cv-present-a-la-ceu-cardenal-herrera-de-castello\/","title":{"rendered":"El COLEF CV present a la CEU Cardenal Herrera de Castell\u00f3."},"content":{"rendered":"\n<p class=\"wp-block-paragraph\">La Facultat de Ci\u00e8ncies de l&#8217;Activitat F\u00edsica i l&#8217;Esport del CEU a Castell\u00f3, va acollir la primera jornada del cicle de confer\u00e8ncies sobre esport i salut, que desenvolupar\u00e0 durant este 2024.<\/p>\n\n\n\n<p class=\"wp-block-paragraph\">El COLEF CV va tindre l&#8217;honor de ser l&#8217;entitat que innagur\u00e0 este cicle de xarrades, i per a aix\u00f2, el president de la corporaci\u00f3 col\u00b7legial, Jose Luis Herreros, va realitzar una confer\u00e8ncia als alumnes sobre la regulaci\u00f3 professional del sector esportiu i les eixides professionals de la titulaci\u00f3 de grau que impartix. Durant el mat\u00ed, tamb\u00e9 es puc exposar als alumnes i professorat existent, com s&#8217;ha gestat i lloc en funcionament el Pla &#8220;En moviment&#8221;, aix\u00f2 \u00e9s, el pla auton\u00f2mic de prescripci\u00f3 d&#8217;activitat f\u00edsica i exercici f\u00edsic, que neix des dels centres d&#8217;atenci\u00f3 prim\u00e0ria de la sanitat p\u00fablica valenciana i se sinergia amb els ajuntaments de la Comunitat Valenciana creant les UAEF municipals (Unitats d&#8217;Activitat i Exercici F\u00edsic).<\/p>\n\n\n\n<p class=\"wp-block-paragraph\">Els alumnes del grau de Ci\u00e8ncies de l&#8217;Activitat F\u00edsica i l&#8217;Esport del CEU, poderen plantejar tamb\u00e9 despr\u00e9s de la confer\u00e8ncia, els seus dubtes i preocupacions sobre les diferents eixides laborals que actualment disposa la titulaci\u00f3, aix\u00ed com el marc regulador vigent en el sector esportiu valenci\u00e0, que va tindre l&#8217;aprovaci\u00f3 de la seua llei de regulaci\u00f3 el passat 2022 (Llei 2\/2022, de 22 de juliol d&#8217;ordenaci\u00f3 de les professions de l&#8217;esport i l&#8217;activitat f\u00edsica).<\/p>\n\n\n\n<p class=\"wp-block-paragraph\">D&#8217;altra banda, va anar tamb\u00e9 un grat el comprovar que gr\u00e0cies al Pla &#8220;En moviment&#8221;; els Preparadors F\u00edsics (Graduats en Ci\u00e8ncies de l&#8217;Esport i l&#8217;AF) son la figura professional que reben dels metges i infermers dels centres p\u00fablics d&#8217;Atenci\u00f3 Prim\u00e0ria, a persones sedent\u00e0ries i\/o amb alguna malaltia cr\u00f2nica i factors de risc per a intervindre amb elles a trav\u00e9s de l&#8217;exercici f\u00edsic. Este nou pla, s&#8217;emmarca a m\u00e9s en una estrat\u00e8gia nacional que el Consell Superior d&#8217;Esports i el Ministeri de Sanitat, han coordinat amb les comunitats aut\u00f2nomes.<\/p>\n\n\n\n<p class=\"wp-block-paragraph\">La nostra corporaci\u00f3 continuar\u00e0 durant els pr\u00f2xims mesos, amb les xarrades i jornades t\u00e8cniques en les diferents facultats de la Comunitat Valenciana, per a continuar fent divulgaci\u00f3 de la Llei 2\/2022, de 22 de juliol d&#8217;ordenaci\u00f3 de les professions de l&#8217;esport i l&#8217;activitat f\u00edsica, aix\u00ed com de la tamb\u00e9 vigent Llei 2\/2011, de 22 de mar\u00e7, de l&#8217;esport\u00a0de\u00a0la\u00a0CV.<\/p>\n\n\n\n<p class=\"wp-block-paragraph\">Des de la corporaci\u00f3 col\u00b7legial, agra\u00efm a la Facultat de Ci\u00e8ncies de l&#8217;Activitat F\u00edsica i l&#8217;Esport CEU-Castell\u00f3 aix\u00ed com a tot l&#8217;equip de professorat de la facultat, la sensibilitat i inquietud mostrada per les tem\u00e0tiques desenvolupades en la jornada, i que sens dubte aportaran al seu alumnat una visi\u00f3 realista sobre el sector en el qual hauran d&#8217;exercir la seua labor professional en els&nbsp;pr\u00f2xims&nbsp;anys.<\/p>\n\n\n\n<p class=\"wp-block-paragraph\"><\/p>\n\n\n\n<h2 class=\"wp-block-heading\">Galer\u00eda d&#8217;imatges:<\/h2>\n\n\n\n<div class=\"wp-block-group\"><div class=\"wp-block-group__inner-container is-layout-constrained wp-block-group-is-layout-constrained\">\t\t\t\t\t<div\n\t\t\t\t\t\tclass=\"wp-block-uagb-image-gallery uagb-block-f661d97a     \"\n\t\t\t\t\t\tstyle=\"\"\n\t\t\t\t\t>\n\t\t\t\t\t\t\t\t\t\t\t<div class=\"spectra-image-gallery spectra-image-gallery__layout--carousel\">\n\t\t\t\t\t\t\t\t<div class=\"uagb-slick-carousel uagb-block-f661d97a\">\n\t\t\t\t\t\t\t\t\t\t\t\t<div class=\"spectra-image-gallery__media-wrapper\" data-spectra-gallery-image-id=\"11074\">\n\t\t\t\t\t\t\t<div class=\"spectra-image-gallery__media spectra-image-gallery__media--carousel\">\n\t\t\t\t<picture>\n\t\t\t\t\t<source media=\"(min-width: 1024px)\" srcset=\"https:\/\/colefcafecv.com\/wp-content\/uploads\/6-1.jpg\">\n\t\t\t\t\t<source media=\"(min-width: 768px)\" srcset=\"https:\/\/colefcafecv.com\/wp-content\/uploads\/6-1.jpg\">\n\t\t\t\t\t<img decoding=\"async\" class=\"spectra-image-gallery__media-thumbnail spectra-image-gallery__media-thumbnail--carousel\" src=\"https:\/\/colefcafecv.com\/wp-content\/uploads\/6-1-300x224.jpg\" alt=\"\" loading=\"lazy\" \/>\n\t\t\t\t<\/picture>\n\t\t\t\t<div class=\"spectra-image-gallery__media-thumbnail-blurrer\"><\/div>\n\t\t\t\t\t\t\t\t\t\t\t<div class=\"spectra-image-gallery__media-thumbnail-caption-wrapper spectra-image-gallery__media-thumbnail-caption-wrapper--overlay\">\n\t\t\t\t\t\t\t\t\t\t\t<div class=\"spectra-image-gallery__media-thumbnail-caption spectra-image-gallery__media-thumbnail-caption--overlay\">\n\t\t\t\t\tNo Caption\t\t\t\t<\/div>\n\t\t\t\t\t\t\t\t\t\t<\/div>\n\t\t\t\t\t\t\t\t\t<\/div>\n\t\t\t\t\t\t<\/div>\n\t\t\t\t\t\t<div class=\"spectra-image-gallery__media-wrapper\" data-spectra-gallery-image-id=\"11072\">\n\t\t\t\t\t\t\t<div class=\"spectra-image-gallery__media spectra-image-gallery__media--carousel\">\n\t\t\t\t<picture>\n\t\t\t\t\t<source media=\"(min-width: 1024px)\" srcset=\"https:\/\/colefcafecv.com\/wp-content\/uploads\/5.jpg\">\n\t\t\t\t\t<source media=\"(min-width: 768px)\" srcset=\"https:\/\/colefcafecv.com\/wp-content\/uploads\/5.jpg\">\n\t\t\t\t\t<img decoding=\"async\" class=\"spectra-image-gallery__media-thumbnail spectra-image-gallery__media-thumbnail--carousel\" src=\"https:\/\/colefcafecv.com\/wp-content\/uploads\/5-300x200.jpg\" alt=\"\" loading=\"lazy\" \/>\n\t\t\t\t<\/picture>\n\t\t\t\t<div class=\"spectra-image-gallery__media-thumbnail-blurrer\"><\/div>\n\t\t\t\t\t\t\t\t\t\t\t<div class=\"spectra-image-gallery__media-thumbnail-caption-wrapper spectra-image-gallery__media-thumbnail-caption-wrapper--overlay\">\n\t\t\t\t\t\t\t\t\t\t\t<div class=\"spectra-image-gallery__media-thumbnail-caption spectra-image-gallery__media-thumbnail-caption--overlay\">\n\t\t\t\t\tNo Caption\t\t\t\t<\/div>\n\t\t\t\t\t\t\t\t\t\t<\/div>\n\t\t\t\t\t\t\t\t\t<\/div>\n\t\t\t\t\t\t<\/div>\n\t\t\t\t\t\t<div class=\"spectra-image-gallery__media-wrapper\" data-spectra-gallery-image-id=\"11066\">\n\t\t\t\t\t\t\t<div class=\"spectra-image-gallery__media spectra-image-gallery__media--carousel\">\n\t\t\t\t<picture>\n\t\t\t\t\t<source media=\"(min-width: 1024px)\" srcset=\"https:\/\/colefcafecv.com\/wp-content\/uploads\/2.jpg\">\n\t\t\t\t\t<source media=\"(min-width: 768px)\" srcset=\"https:\/\/colefcafecv.com\/wp-content\/uploads\/2.jpg\">\n\t\t\t\t\t<img decoding=\"async\" class=\"spectra-image-gallery__media-thumbnail spectra-image-gallery__media-thumbnail--carousel\" src=\"https:\/\/colefcafecv.com\/wp-content\/uploads\/2-300x200.jpg\" alt=\"\" loading=\"lazy\" \/>\n\t\t\t\t<\/picture>\n\t\t\t\t<div class=\"spectra-image-gallery__media-thumbnail-blurrer\"><\/div>\n\t\t\t\t\t\t\t\t\t\t\t<div class=\"spectra-image-gallery__media-thumbnail-caption-wrapper spectra-image-gallery__media-thumbnail-caption-wrapper--overlay\">\n\t\t\t\t\t\t\t\t\t\t\t<div class=\"spectra-image-gallery__media-thumbnail-caption spectra-image-gallery__media-thumbnail-caption--overlay\">\n\t\t\t\t\tNo Caption\t\t\t\t<\/div>\n\t\t\t\t\t\t\t\t\t\t<\/div>\n\t\t\t\t\t\t\t\t\t<\/div>\n\t\t\t\t\t\t<\/div>\n\t\t\t\t\t\t<div class=\"spectra-image-gallery__media-wrapper\" data-spectra-gallery-image-id=\"11070\">\n\t\t\t\t\t\t\t<div class=\"spectra-image-gallery__media spectra-image-gallery__media--carousel\">\n\t\t\t\t<picture>\n\t\t\t\t\t<source media=\"(min-width: 1024px)\" srcset=\"https:\/\/colefcafecv.com\/wp-content\/uploads\/4.jpg\">\n\t\t\t\t\t<source media=\"(min-width: 768px)\" srcset=\"https:\/\/colefcafecv.com\/wp-content\/uploads\/4.jpg\">\n\t\t\t\t\t<img decoding=\"async\" class=\"spectra-image-gallery__media-thumbnail spectra-image-gallery__media-thumbnail--carousel\" src=\"https:\/\/colefcafecv.com\/wp-content\/uploads\/4-300x200.jpg\" alt=\"\" loading=\"lazy\" \/>\n\t\t\t\t<\/picture>\n\t\t\t\t<div class=\"spectra-image-gallery__media-thumbnail-blurrer\"><\/div>\n\t\t\t\t\t\t\t\t\t\t\t<div class=\"spectra-image-gallery__media-thumbnail-caption-wrapper spectra-image-gallery__media-thumbnail-caption-wrapper--overlay\">\n\t\t\t\t\t\t\t\t\t\t\t<div class=\"spectra-image-gallery__media-thumbnail-caption spectra-image-gallery__media-thumbnail-caption--overlay\">\n\t\t\t\t\tNo Caption\t\t\t\t<\/div>\n\t\t\t\t\t\t\t\t\t\t<\/div>\n\t\t\t\t\t\t\t\t\t<\/div>\n\t\t\t\t\t\t<\/div>\n\t\t\t\t\t\t<div class=\"spectra-image-gallery__media-wrapper\" data-spectra-gallery-image-id=\"11062\">\n\t\t\t\t\t\t\t<div class=\"spectra-image-gallery__media spectra-image-gallery__media--carousel\">\n\t\t\t\t<picture>\n\t\t\t\t\t<source media=\"(min-width: 1024px)\" srcset=\"https:\/\/colefcafecv.com\/wp-content\/uploads\/1.jpg\">\n\t\t\t\t\t<source media=\"(min-width: 768px)\" srcset=\"https:\/\/colefcafecv.com\/wp-content\/uploads\/1.jpg\">\n\t\t\t\t\t<img decoding=\"async\" class=\"spectra-image-gallery__media-thumbnail spectra-image-gallery__media-thumbnail--carousel\" src=\"https:\/\/colefcafecv.com\/wp-content\/uploads\/1-300x200.jpg\" alt=\"\" loading=\"lazy\" \/>\n\t\t\t\t<\/picture>\n\t\t\t\t<div class=\"spectra-image-gallery__media-thumbnail-blurrer\"><\/div>\n\t\t\t\t\t\t\t\t\t\t\t<div class=\"spectra-image-gallery__media-thumbnail-caption-wrapper spectra-image-gallery__media-thumbnail-caption-wrapper--overlay\">\n\t\t\t\t\t\t\t\t\t\t\t<div class=\"spectra-image-gallery__media-thumbnail-caption spectra-image-gallery__media-thumbnail-caption--overlay\">\n\t\t\t\t\tNo Caption\t\t\t\t<\/div>\n\t\t\t\t\t\t\t\t\t\t<\/div>\n\t\t\t\t\t\t\t\t\t<\/div>\n\t\t\t\t\t\t<\/div>\n\t\t\t\t\t\t<div class=\"spectra-image-gallery__media-wrapper\" data-spectra-gallery-image-id=\"11068\">\n\t\t\t\t\t\t\t<div class=\"spectra-image-gallery__media spectra-image-gallery__media--carousel\">\n\t\t\t\t<picture>\n\t\t\t\t\t<source media=\"(min-width: 1024px)\" srcset=\"https:\/\/colefcafecv.com\/wp-content\/uploads\/3.jpg\">\n\t\t\t\t\t<source media=\"(min-width: 768px)\" srcset=\"https:\/\/colefcafecv.com\/wp-content\/uploads\/3.jpg\">\n\t\t\t\t\t<img decoding=\"async\" class=\"spectra-image-gallery__media-thumbnail spectra-image-gallery__media-thumbnail--carousel\" src=\"https:\/\/colefcafecv.com\/wp-content\/uploads\/3-300x200.jpg\" alt=\"\" loading=\"lazy\" \/>\n\t\t\t\t<\/picture>\n\t\t\t\t<div class=\"spectra-image-gallery__media-thumbnail-blurrer\"><\/div>\n\t\t\t\t\t\t\t\t\t\t\t<div class=\"spectra-image-gallery__media-thumbnail-caption-wrapper spectra-image-gallery__media-thumbnail-caption-wrapper--overlay\">\n\t\t\t\t\t\t\t\t\t\t\t<div class=\"spectra-image-gallery__media-thumbnail-caption spectra-image-gallery__media-thumbnail-caption--overlay\">\n\t\t\t\t\tNo Caption\t\t\t\t<\/div>\n\t\t\t\t\t\t\t\t\t\t<\/div>\n\t\t\t\t\t\t\t\t\t<\/div>\n\t\t\t\t\t\t<\/div>\n\t\t\t\t\t\t\t\t\t\t\t<\/div>\n\t\t\t\t\t\t\t<\/div>\n\t\t\t\t\t\t\t\t\t\t\t<\/div>\n\t\t\t\t\t\t\t\t\t<\/div><\/div>\n","protected":false},"excerpt":{"rendered":"<p>La Facultat de Ci\u00e8ncies de l&#8217;Activitat F\u00edsica i l&#8217;Esport del CEU a Castell\u00f3, va acollir la primera jornada del cicle de confer\u00e8ncies sobre esport i salut, que desenvolupar\u00e0 durant este 2024. El COLEF CV va tindre l&#8217;honor de ser l&#8217;entitat que innagur\u00e0 este cicle de xarrades, i per a aix\u00f2, el president de la corporaci\u00f3 &#8230; <a title=\"El COLEF CV present a la CEU Cardenal Herrera de Castell\u00f3.\" class=\"read-more\" href=\"https:\/\/colefcafecv.com\/ca\/el-colef-cv-present-a-la-ceu-cardenal-herrera-de-castello\/\" aria-label=\"Read more about El COLEF CV present a la CEU Cardenal Herrera de Castell\u00f3.\">Read more<\/a><\/p>\n","protected":false},"author":14,"featured_media":11063,"comment_status":"closed","ping_status":"open","sticky":false,"template":"","format":"standard","meta":{"_uag_custom_page_level_css":"","_jet_sm_ready_style":"","_jet_sm_style":"","_jet_sm_controls_values":"","_jet_sm_fonts_collection":"","_jet_sm_fonts_links":"","footnotes":""},"categories":[94,248,250,107],"tags":[],"class_list":["post-11079","post","type-post","status-publish","format-standard","has-post-thumbnail","hentry","category-actos-y-publicaciones","category-esdeveniments","category-gestio-esportiva","category-jornada"],"yoast_head":"<!-- This site is optimized with the Yoast SEO plugin v28.3 - https:\/\/yoast.com\/product\/yoast-seo-wordpress\/ -->\n<title>El COLEF CV present a la CEU Cardenal Herrera de Castell\u00f3. - COLEF CV<\/title>\n<meta name=\"robots\" content=\"index, follow, max-snippet:-1, max-image-preview:large, max-video-preview:-1\" \/>\n<link rel=\"canonical\" href=\"https:\/\/colefcafecv.com\/ca\/el-colef-cv-present-a-la-ceu-cardenal-herrera-de-castello\/\" \/>\n<meta property=\"og:locale\" content=\"en_US\" \/>\n<meta property=\"og:type\" content=\"article\" \/>\n<meta property=\"og:title\" content=\"El COLEF CV present a la CEU Cardenal Herrera de Castell\u00f3. - COLEF CV\" \/>\n<meta property=\"og:description\" content=\"La Facultat de Ci\u00e8ncies de l&#8217;Activitat F\u00edsica i l&#8217;Esport del CEU a Castell\u00f3, va acollir la primera jornada del cicle de confer\u00e8ncies sobre esport i salut, que desenvolupar\u00e0 durant este 2024. El COLEF CV va tindre l&#8217;honor de ser l&#8217;entitat que innagur\u00e0 este cicle de xarrades, i per a aix\u00f2, el president de la corporaci\u00f3 ... Read more\" \/>\n<meta property=\"og:url\" content=\"https:\/\/colefcafecv.com\/ca\/el-colef-cv-present-a-la-ceu-cardenal-herrera-de-castello\/\" \/>\n<meta property=\"og:site_name\" content=\"COLEF CV\" \/>\n<meta property=\"article:publisher\" content=\"https:\/\/www.facebook.com\/colefcv\" \/>\n<meta property=\"article:published_time\" content=\"2024-02-27T17:16:09+00:00\" \/>\n<meta property=\"article:modified_time\" content=\"2024-02-28T07:44:59+00:00\" \/>\n<meta property=\"og:image\" content=\"https:\/\/colefcafecv.com\/wp-content\/uploads\/1_w-1.jpg\" \/>\n\t<meta property=\"og:image:width\" content=\"950\" \/>\n\t<meta property=\"og:image:height\" content=\"633\" \/>\n\t<meta property=\"og:image:type\" content=\"image\/jpeg\" \/>\n<meta name=\"author\" content=\"Jordi\" \/>\n<meta name=\"twitter:card\" content=\"summary_large_image\" \/>\n<meta name=\"twitter:label1\" content=\"Written by\" \/>\n\t<meta name=\"twitter:data1\" content=\"Jordi\" \/>\n\t<meta name=\"twitter:label2\" content=\"Est. reading time\" \/>\n\t<meta name=\"twitter:data2\" content=\"3 minutes\" \/>\n<script type=\"application\/ld+json\" class=\"yoast-schema-graph\">{\"@context\":\"https:\\\/\\\/schema.org\",\"@graph\":[{\"@type\":\"Article\",\"@id\":\"https:\\\/\\\/colefcafecv.com\\\/ca\\\/el-colef-cv-present-a-la-ceu-cardenal-herrera-de-castello\\\/#article\",\"isPartOf\":{\"@id\":\"https:\\\/\\\/colefcafecv.com\\\/ca\\\/el-colef-cv-present-a-la-ceu-cardenal-herrera-de-castello\\\/\"},\"author\":{\"name\":\"Jordi\",\"@id\":\"https:\\\/\\\/colefcafecv.com\\\/ca\\\/#\\\/schema\\\/person\\\/b657c8a06160273e8bfb341770fb4755\"},\"headline\":\"El COLEF CV present a la CEU Cardenal Herrera de Castell\u00f3.\",\"datePublished\":\"2024-02-27T17:16:09+00:00\",\"dateModified\":\"2024-02-28T07:44:59+00:00\",\"mainEntityOfPage\":{\"@id\":\"https:\\\/\\\/colefcafecv.com\\\/ca\\\/el-colef-cv-present-a-la-ceu-cardenal-herrera-de-castello\\\/\"},\"wordCount\":514,\"publisher\":{\"@id\":\"https:\\\/\\\/colefcafecv.com\\\/ca\\\/#organization\"},\"image\":{\"@id\":\"https:\\\/\\\/colefcafecv.com\\\/ca\\\/el-colef-cv-present-a-la-ceu-cardenal-herrera-de-castello\\\/#primaryimage\"},\"thumbnailUrl\":\"https:\\\/\\\/colefcafecv.com\\\/wp-content\\\/uploads\\\/1_w-1.jpg\",\"articleSection\":[\"Actos y publicaciones\",\"Esdeveniments\",\"Gesti\u00f3 Esportiva\",\"Jornada\"],\"inLanguage\":\"val\"},{\"@type\":\"WebPage\",\"@id\":\"https:\\\/\\\/colefcafecv.com\\\/ca\\\/el-colef-cv-present-a-la-ceu-cardenal-herrera-de-castello\\\/\",\"url\":\"https:\\\/\\\/colefcafecv.com\\\/ca\\\/el-colef-cv-present-a-la-ceu-cardenal-herrera-de-castello\\\/\",\"name\":\"El COLEF CV present a la CEU Cardenal Herrera de Castell\u00f3. - COLEF CV\",\"isPartOf\":{\"@id\":\"https:\\\/\\\/colefcafecv.com\\\/ca\\\/#website\"},\"primaryImageOfPage\":{\"@id\":\"https:\\\/\\\/colefcafecv.com\\\/ca\\\/el-colef-cv-present-a-la-ceu-cardenal-herrera-de-castello\\\/#primaryimage\"},\"image\":{\"@id\":\"https:\\\/\\\/colefcafecv.com\\\/ca\\\/el-colef-cv-present-a-la-ceu-cardenal-herrera-de-castello\\\/#primaryimage\"},\"thumbnailUrl\":\"https:\\\/\\\/colefcafecv.com\\\/wp-content\\\/uploads\\\/1_w-1.jpg\",\"datePublished\":\"2024-02-27T17:16:09+00:00\",\"dateModified\":\"2024-02-28T07:44:59+00:00\",\"breadcrumb\":{\"@id\":\"https:\\\/\\\/colefcafecv.com\\\/ca\\\/el-colef-cv-present-a-la-ceu-cardenal-herrera-de-castello\\\/#breadcrumb\"},\"inLanguage\":\"val\",\"potentialAction\":[{\"@type\":\"ReadAction\",\"target\":[\"https:\\\/\\\/colefcafecv.com\\\/ca\\\/el-colef-cv-present-a-la-ceu-cardenal-herrera-de-castello\\\/\"]}]},{\"@type\":\"ImageObject\",\"inLanguage\":\"val\",\"@id\":\"https:\\\/\\\/colefcafecv.com\\\/ca\\\/el-colef-cv-present-a-la-ceu-cardenal-herrera-de-castello\\\/#primaryimage\",\"url\":\"https:\\\/\\\/colefcafecv.com\\\/wp-content\\\/uploads\\\/1_w-1.jpg\",\"contentUrl\":\"https:\\\/\\\/colefcafecv.com\\\/wp-content\\\/uploads\\\/1_w-1.jpg\",\"width\":950,\"height\":633},{\"@type\":\"BreadcrumbList\",\"@id\":\"https:\\\/\\\/colefcafecv.com\\\/ca\\\/el-colef-cv-present-a-la-ceu-cardenal-herrera-de-castello\\\/#breadcrumb\",\"itemListElement\":[{\"@type\":\"ListItem\",\"position\":1,\"name\":\"Portada\",\"item\":\"https:\\\/\\\/colefcafecv.com\\\/ca\\\/\"},{\"@type\":\"ListItem\",\"position\":2,\"name\":\"El COLEF CV present a la CEU Cardenal Herrera de Castell\u00f3.\"}]},{\"@type\":\"WebSite\",\"@id\":\"https:\\\/\\\/colefcafecv.com\\\/ca\\\/#website\",\"url\":\"https:\\\/\\\/colefcafecv.com\\\/ca\\\/\",\"name\":\"Colegio de Licenciados en Educaci\u00f3n F\u00edsica de la Comunidad Valenciana\",\"description\":\"Il lustre Col legi oficial de Llicenciats en Educaci\u00f3 F\u00edsica i en Ci\u00e8ncies de l\u00b4Activitat F\u00edsica i de l\u00b4Esport de la Comunitat Valenciana\",\"publisher\":{\"@id\":\"https:\\\/\\\/colefcafecv.com\\\/ca\\\/#organization\"},\"potentialAction\":[{\"@type\":\"SearchAction\",\"target\":{\"@type\":\"EntryPoint\",\"urlTemplate\":\"https:\\\/\\\/colefcafecv.com\\\/ca\\\/?s={search_term_string}\"},\"query-input\":{\"@type\":\"PropertyValueSpecification\",\"valueRequired\":true,\"valueName\":\"search_term_string\"}}],\"inLanguage\":\"val\"},{\"@type\":\"Organization\",\"@id\":\"https:\\\/\\\/colefcafecv.com\\\/ca\\\/#organization\",\"name\":\"Colegio de Licenciados en Educaci\u00f3n F\u00edsica de la Comunidad Valenciana\",\"url\":\"https:\\\/\\\/colefcafecv.com\\\/ca\\\/\",\"logo\":{\"@type\":\"ImageObject\",\"inLanguage\":\"val\",\"@id\":\"https:\\\/\\\/colefcafecv.com\\\/ca\\\/#\\\/schema\\\/logo\\\/image\\\/\",\"url\":\"https:\\\/\\\/colefcafecv.com\\\/wp-content\\\/uploads\\\/2021\\\/01\\\/simbolo-logotipo-colef.png\",\"contentUrl\":\"https:\\\/\\\/colefcafecv.com\\\/wp-content\\\/uploads\\\/2021\\\/01\\\/simbolo-logotipo-colef.png\",\"width\":213,\"height\":271,\"caption\":\"Colegio de Licenciados en Educaci\u00f3n F\u00edsica de la Comunidad Valenciana\"},\"image\":{\"@id\":\"https:\\\/\\\/colefcafecv.com\\\/ca\\\/#\\\/schema\\\/logo\\\/image\\\/\"},\"sameAs\":[\"https:\\\/\\\/www.facebook.com\\\/colefcv\"]},{\"@type\":\"Person\",\"@id\":\"https:\\\/\\\/colefcafecv.com\\\/ca\\\/#\\\/schema\\\/person\\\/b657c8a06160273e8bfb341770fb4755\",\"name\":\"Jordi\",\"image\":{\"@type\":\"ImageObject\",\"inLanguage\":\"val\",\"@id\":\"https:\\\/\\\/secure.gravatar.com\\\/avatar\\\/915485f66538d765a8ec4b26f6066451a183ebaa56366a1fc4ffdeb89aef4ce8?s=96&d=mm&r=g\",\"url\":\"https:\\\/\\\/secure.gravatar.com\\\/avatar\\\/915485f66538d765a8ec4b26f6066451a183ebaa56366a1fc4ffdeb89aef4ce8?s=96&d=mm&r=g\",\"contentUrl\":\"https:\\\/\\\/secure.gravatar.com\\\/avatar\\\/915485f66538d765a8ec4b26f6066451a183ebaa56366a1fc4ffdeb89aef4ce8?s=96&d=mm&r=g\",\"caption\":\"Jordi\"},\"url\":\"https:\\\/\\\/colefcafecv.com\\\/ca\\\/author\\\/jordiadm\\\/\"}]}<\/script>\n<!-- \/ Yoast SEO plugin. -->","yoast_head_json":{"title":"El COLEF CV present a la CEU Cardenal Herrera de Castell\u00f3. - COLEF CV","robots":{"index":"index","follow":"follow","max-snippet":"max-snippet:-1","max-image-preview":"max-image-preview:large","max-video-preview":"max-video-preview:-1"},"canonical":"https:\/\/colefcafecv.com\/ca\/el-colef-cv-present-a-la-ceu-cardenal-herrera-de-castello\/","og_locale":"en_US","og_type":"article","og_title":"El COLEF CV present a la CEU Cardenal Herrera de Castell\u00f3. - COLEF CV","og_description":"La Facultat de Ci\u00e8ncies de l&#8217;Activitat F\u00edsica i l&#8217;Esport del CEU a Castell\u00f3, va acollir la primera jornada del cicle de confer\u00e8ncies sobre esport i salut, que desenvolupar\u00e0 durant este 2024. El COLEF CV va tindre l&#8217;honor de ser l&#8217;entitat que innagur\u00e0 este cicle de xarrades, i per a aix\u00f2, el president de la corporaci\u00f3 ... Read more","og_url":"https:\/\/colefcafecv.com\/ca\/el-colef-cv-present-a-la-ceu-cardenal-herrera-de-castello\/","og_site_name":"COLEF CV","article_publisher":"https:\/\/www.facebook.com\/colefcv","article_published_time":"2024-02-27T17:16:09+00:00","article_modified_time":"2024-02-28T07:44:59+00:00","og_image":[{"width":950,"height":633,"url":"https:\/\/colefcafecv.com\/wp-content\/uploads\/1_w-1.jpg","type":"image\/jpeg"}],"author":"Jordi","twitter_card":"summary_large_image","twitter_misc":{"Written by":"Jordi","Est. reading time":"3 minutes"},"schema":{"@context":"https:\/\/schema.org","@graph":[{"@type":"Article","@id":"https:\/\/colefcafecv.com\/ca\/el-colef-cv-present-a-la-ceu-cardenal-herrera-de-castello\/#article","isPartOf":{"@id":"https:\/\/colefcafecv.com\/ca\/el-colef-cv-present-a-la-ceu-cardenal-herrera-de-castello\/"},"author":{"name":"Jordi","@id":"https:\/\/colefcafecv.com\/ca\/#\/schema\/person\/b657c8a06160273e8bfb341770fb4755"},"headline":"El COLEF CV present a la CEU Cardenal Herrera de Castell\u00f3.","datePublished":"2024-02-27T17:16:09+00:00","dateModified":"2024-02-28T07:44:59+00:00","mainEntityOfPage":{"@id":"https:\/\/colefcafecv.com\/ca\/el-colef-cv-present-a-la-ceu-cardenal-herrera-de-castello\/"},"wordCount":514,"publisher":{"@id":"https:\/\/colefcafecv.com\/ca\/#organization"},"image":{"@id":"https:\/\/colefcafecv.com\/ca\/el-colef-cv-present-a-la-ceu-cardenal-herrera-de-castello\/#primaryimage"},"thumbnailUrl":"https:\/\/colefcafecv.com\/wp-content\/uploads\/1_w-1.jpg","articleSection":["Actos y publicaciones","Esdeveniments","Gesti\u00f3 Esportiva","Jornada"],"inLanguage":"val"},{"@type":"WebPage","@id":"https:\/\/colefcafecv.com\/ca\/el-colef-cv-present-a-la-ceu-cardenal-herrera-de-castello\/","url":"https:\/\/colefcafecv.com\/ca\/el-colef-cv-present-a-la-ceu-cardenal-herrera-de-castello\/","name":"El COLEF CV present a la CEU Cardenal Herrera de Castell\u00f3. - COLEF CV","isPartOf":{"@id":"https:\/\/colefcafecv.com\/ca\/#website"},"primaryImageOfPage":{"@id":"https:\/\/colefcafecv.com\/ca\/el-colef-cv-present-a-la-ceu-cardenal-herrera-de-castello\/#primaryimage"},"image":{"@id":"https:\/\/colefcafecv.com\/ca\/el-colef-cv-present-a-la-ceu-cardenal-herrera-de-castello\/#primaryimage"},"thumbnailUrl":"https:\/\/colefcafecv.com\/wp-content\/uploads\/1_w-1.jpg","datePublished":"2024-02-27T17:16:09+00:00","dateModified":"2024-02-28T07:44:59+00:00","breadcrumb":{"@id":"https:\/\/colefcafecv.com\/ca\/el-colef-cv-present-a-la-ceu-cardenal-herrera-de-castello\/#breadcrumb"},"inLanguage":"val","potentialAction":[{"@type":"ReadAction","target":["https:\/\/colefcafecv.com\/ca\/el-colef-cv-present-a-la-ceu-cardenal-herrera-de-castello\/"]}]},{"@type":"ImageObject","inLanguage":"val","@id":"https:\/\/colefcafecv.com\/ca\/el-colef-cv-present-a-la-ceu-cardenal-herrera-de-castello\/#primaryimage","url":"https:\/\/colefcafecv.com\/wp-content\/uploads\/1_w-1.jpg","contentUrl":"https:\/\/colefcafecv.com\/wp-content\/uploads\/1_w-1.jpg","width":950,"height":633},{"@type":"BreadcrumbList","@id":"https:\/\/colefcafecv.com\/ca\/el-colef-cv-present-a-la-ceu-cardenal-herrera-de-castello\/#breadcrumb","itemListElement":[{"@type":"ListItem","position":1,"name":"Portada","item":"https:\/\/colefcafecv.com\/ca\/"},{"@type":"ListItem","position":2,"name":"El COLEF CV present a la CEU Cardenal Herrera de Castell\u00f3."}]},{"@type":"WebSite","@id":"https:\/\/colefcafecv.com\/ca\/#website","url":"https:\/\/colefcafecv.com\/ca\/","name":"Colegio de Licenciados en Educaci\u00f3n F\u00edsica de la Comunidad Valenciana","description":"Il lustre Col legi oficial de Llicenciats en Educaci\u00f3 F\u00edsica i en Ci\u00e8ncies de l\u00b4Activitat F\u00edsica i de l\u00b4Esport de la Comunitat Valenciana","publisher":{"@id":"https:\/\/colefcafecv.com\/ca\/#organization"},"potentialAction":[{"@type":"SearchAction","target":{"@type":"EntryPoint","urlTemplate":"https:\/\/colefcafecv.com\/ca\/?s={search_term_string}"},"query-input":{"@type":"PropertyValueSpecification","valueRequired":true,"valueName":"search_term_string"}}],"inLanguage":"val"},{"@type":"Organization","@id":"https:\/\/colefcafecv.com\/ca\/#organization","name":"Colegio de Licenciados en Educaci\u00f3n F\u00edsica de la Comunidad Valenciana","url":"https:\/\/colefcafecv.com\/ca\/","logo":{"@type":"ImageObject","inLanguage":"val","@id":"https:\/\/colefcafecv.com\/ca\/#\/schema\/logo\/image\/","url":"https:\/\/colefcafecv.com\/wp-content\/uploads\/2021\/01\/simbolo-logotipo-colef.png","contentUrl":"https:\/\/colefcafecv.com\/wp-content\/uploads\/2021\/01\/simbolo-logotipo-colef.png","width":213,"height":271,"caption":"Colegio de Licenciados en Educaci\u00f3n F\u00edsica de la Comunidad Valenciana"},"image":{"@id":"https:\/\/colefcafecv.com\/ca\/#\/schema\/logo\/image\/"},"sameAs":["https:\/\/www.facebook.com\/colefcv"]},{"@type":"Person","@id":"https:\/\/colefcafecv.com\/ca\/#\/schema\/person\/b657c8a06160273e8bfb341770fb4755","name":"Jordi","image":{"@type":"ImageObject","inLanguage":"val","@id":"https:\/\/secure.gravatar.com\/avatar\/915485f66538d765a8ec4b26f6066451a183ebaa56366a1fc4ffdeb89aef4ce8?s=96&d=mm&r=g","url":"https:\/\/secure.gravatar.com\/avatar\/915485f66538d765a8ec4b26f6066451a183ebaa56366a1fc4ffdeb89aef4ce8?s=96&d=mm&r=g","contentUrl":"https:\/\/secure.gravatar.com\/avatar\/915485f66538d765a8ec4b26f6066451a183ebaa56366a1fc4ffdeb89aef4ce8?s=96&d=mm&r=g","caption":"Jordi"},"url":"https:\/\/colefcafecv.com\/ca\/author\/jordiadm\/"}]}},"uagb_featured_image_src":{"full":["https:\/\/colefcafecv.com\/wp-content\/uploads\/1_w-1.jpg",950,633,false],"thumbnail":["https:\/\/colefcafecv.com\/wp-content\/uploads\/1_w-1-150x100.jpg",150,100,true],"medium":["https:\/\/colefcafecv.com\/wp-content\/uploads\/1_w-1-300x200.jpg",300,200,true],"medium_large":["https:\/\/colefcafecv.com\/wp-content\/uploads\/1_w-1-768x512.jpg",768,512,true],"large":["https:\/\/colefcafecv.com\/wp-content\/uploads\/1_w-1.jpg",950,633,false],"thumblist":["https:\/\/colefcafecv.com\/wp-content\/uploads\/1_w-1-300x300.jpg",300,300,true],"meccarouselthumb":["https:\/\/colefcafecv.com\/wp-content\/uploads\/1_w-1-474x324.jpg",474,324,true],"gridsquare":["https:\/\/colefcafecv.com\/wp-content\/uploads\/1_w-1-391x260.jpg",391,260,true],"tileview":["https:\/\/colefcafecv.com\/wp-content\/uploads\/1_w-1-300x400.jpg",300,400,true],"1536x1536":["https:\/\/colefcafecv.com\/wp-content\/uploads\/1_w-1.jpg",950,633,false],"2048x2048":["https:\/\/colefcafecv.com\/wp-content\/uploads\/1_w-1.jpg",950,633,false],"ultp_layout_landscape_large":["https:\/\/colefcafecv.com\/wp-content\/uploads\/1_w-1.jpg",950,633,false],"ultp_layout_landscape":["https:\/\/colefcafecv.com\/wp-content\/uploads\/1_w-1-870x570.jpg",870,570,true],"ultp_layout_portrait":["https:\/\/colefcafecv.com\/wp-content\/uploads\/1_w-1-600x633.jpg",600,633,true],"ultp_layout_square":["https:\/\/colefcafecv.com\/wp-content\/uploads\/1_w-1-600x600.jpg",600,600,true]},"uagb_author_info":{"display_name":"Jordi","author_link":"https:\/\/colefcafecv.com\/ca\/author\/jordiadm\/"},"uagb_comment_info":0,"uagb_excerpt":"La Facultat de Ci\u00e8ncies de l&#8217;Activitat F\u00edsica i l&#8217;Esport del CEU a Castell\u00f3, va acollir la primera jornada del cicle de confer\u00e8ncies sobre esport i salut, que desenvolupar\u00e0 durant este 2024. El COLEF CV va tindre l&#8217;honor de ser l&#8217;entitat que innagur\u00e0 este cicle de xarrades, i per a aix\u00f2, el president de la corporaci\u00f3&hellip;","_links":{"self":[{"href":"https:\/\/colefcafecv.com\/ca\/wp-json\/wp\/v2\/posts\/11079","targetHints":{"allow":["GET"]}}],"collection":[{"href":"https:\/\/colefcafecv.com\/ca\/wp-json\/wp\/v2\/posts"}],"about":[{"href":"https:\/\/colefcafecv.com\/ca\/wp-json\/wp\/v2\/types\/post"}],"author":[{"embeddable":true,"href":"https:\/\/colefcafecv.com\/ca\/wp-json\/wp\/v2\/users\/14"}],"replies":[{"embeddable":true,"href":"https:\/\/colefcafecv.com\/ca\/wp-json\/wp\/v2\/comments?post=11079"}],"version-history":[{"count":3,"href":"https:\/\/colefcafecv.com\/ca\/wp-json\/wp\/v2\/posts\/11079\/revisions"}],"predecessor-version":[{"id":11086,"href":"https:\/\/colefcafecv.com\/ca\/wp-json\/wp\/v2\/posts\/11079\/revisions\/11086"}],"wp:featuredmedia":[{"embeddable":true,"href":"https:\/\/colefcafecv.com\/ca\/wp-json\/wp\/v2\/media\/11063"}],"wp:attachment":[{"href":"https:\/\/colefcafecv.com\/ca\/wp-json\/wp\/v2\/media?parent=11079"}],"wp:term":[{"taxonomy":"category","embeddable":true,"href":"https:\/\/colefcafecv.com\/ca\/wp-json\/wp\/v2\/categories?post=11079"},{"taxonomy":"post_tag","embeddable":true,"href":"https:\/\/colefcafecv.com\/ca\/wp-json\/wp\/v2\/tags?post=11079"}],"curies":[{"name":"wp","href":"https:\/\/api.w.org\/{rel}","templated":true}]}}