{"id":10906,"date":"2024-02-07T15:17:36","date_gmt":"2024-02-07T14:17:36","guid":{"rendered":"https:\/\/colefcafecv.com\/?p=10906"},"modified":"2024-02-09T17:46:46","modified_gmt":"2024-02-09T16:46:46","slug":"tercer-webinar-informatiu-per-a-ajuntaments-sobre-el-pla-en-moviment-faqs","status":"publish","type":"post","link":"https:\/\/colefcafecv.com\/ca\/tercer-webinar-informatiu-per-a-ajuntaments-sobre-el-pla-en-moviment-faqs\/","title":{"rendered":"Tercer Webinar informatiu per a Ajuntaments sobre el Pla \u201cEn Moviment\u201d."},"content":{"rendered":"\n<p>Dilluns que ve 12 de febrer a les 13 hores.<\/p>\n\n\n\n<p><\/p>\n\n\n\n<h2 class=\"wp-block-heading has-text-align-center\"><a href=\"https:\/\/www.fvmp.es\/programa-en-moviment-ajuts-2024\/?lang=ca\"><strong>Accedeix al formulari d&#8217;inscri<\/strong><\/a><a href=\"https:\/\/www.fvmp.es\/programa-en-moviment-ajuts-2024\/?lang=ca\" target=\"_blank\" rel=\"noreferrer noopener\"><strong>pci\u00f3<\/strong><\/a><\/h2>\n\n\n\n<p><\/p>\n\n\n\n<p>El <em>COLEF CV en col\u00b7laboraci\u00f3 amb la Direcci\u00f3 General d&#8217;<\/em>Esports de la GVA i la FVMP, impartixen dilluns que ve 12 de febrer a les 13.00 el tercer seminari web per a Ajuntaments sobre la implantaci\u00f3 del Pla Auton\u00f2mic de Prescripci\u00f3 En Moviment, per a resoldre els dubtes i preguntes freq\u00fcents que el COLEF CV ha rebut de les diferents Administracions Locals.<\/p>\n\n\n\n<p>Es recorda que este Pla va ser presentat el passat 6 de Juliol i recentment publicat en el <a href=\"https:\/\/dogv.gva.es\/es\/resultat-dogv?signatura=2023\/7552\" target=\"_blank\" rel=\"noreferrer noopener\">DOGV la resoluci\u00f3 per la qual s&#8217;aproven les bases reguladores i es convoquen les subvencions destinades a entitats locals per a l&#8217;execuci\u00f3 del programa<\/a> <strong>En Moviment.<\/strong><\/p>\n\n\n\n<p>Si no has tingut ocasi\u00f3 de participar en el primer Seminari web, pots accedir al seu contingut en l&#8217;en la not\u00edcia &#8220;V\u00eddeo | Seminari web informatiu per a Ajuntaments sobre el Pla En Moviment&#8221;. Igualment es compartix la presentaci\u00f3 del Pla en la seu de la FVMP esta passada setmana, accedix a la not\u00edcia en la web del COLEF CV i visualitza la videoconfer\u00e8ncia.<\/p>\n\n\n\n<p class=\"has-text-align-left\"><\/p>\n\n\n<div  class=\"wp-block-ultimate-post-image ultp-block-3f7338\"><div class=\"ultp-block-wrapper\"><figure class=\"ultp-image-block-wrapper\"><div class=\"ultp-image-block ultp-image-block-none\"><img decoding=\"async\"  class=\"ultp-image\"  src=\"https:\/\/colefcafecv.com\/wp-content\/uploads\/Cartel_val.jpg\" \/><\/div><\/figure><\/div><\/div>\n\n\n<p><\/p>\n\n\n\n<h2 class=\"wp-block-heading\">Enlla\u00e7os a contingut rel\u00b7lacionat:<\/h2>\n\n\n\n<ul class=\"wp-block-list\">\n<li><a href=\"https:\/\/colefcafecv.com\/video-webinar-informativo-para-ayuntamientos-sobre-el-plan-en-moviment\/\"><strong>Video | Webinar informatiu per a Ajuntaments sobre el Pla En Moviment.<\/strong><\/a><\/li>\n\n\n\n<li><strong><a href=\"https:\/\/colefcafecv.com\/receta-deportiva-realidad-en-cv-pla-en-moviment\/\">Accedeix a la nota de prensa de la presentaci\u00f3 del Pla En Moviment<\/a><\/strong>.<\/li>\n\n\n\n<li><strong><a href=\"https:\/\/www.youtube.com\/watch?v=7TG7RqPJ77A\" target=\"_blank\" rel=\"noreferrer noopener\">Videoconfer\u00e8ncia de presentaci\u00f3 del pla &#8220;En moviment&#8221;<\/a><\/strong>.<\/li>\n<\/ul>\n\n\n\n<p class=\"has-text-align-center\">  <\/p>\n","protected":false},"excerpt":{"rendered":"<p>Dilluns que ve 12 de febrer a les 13 hores. Accedeix al formulari d&#8217;inscripci\u00f3 El COLEF CV en col\u00b7laboraci\u00f3 amb la Direcci\u00f3 General d&#8217;Esports de la GVA i la FVMP, impartixen dilluns que ve 12 de febrer a les 13.00 el tercer seminari web per a Ajuntaments sobre la implantaci\u00f3 del Pla Auton\u00f2mic de Prescripci\u00f3 &#8230; <a title=\"Tercer Webinar informatiu per a Ajuntaments sobre el Pla \u201cEn Moviment\u201d.\" class=\"read-more\" href=\"https:\/\/colefcafecv.com\/ca\/tercer-webinar-informatiu-per-a-ajuntaments-sobre-el-pla-en-moviment-faqs\/\" aria-label=\"Read more about Tercer Webinar informatiu per a Ajuntaments sobre el Pla \u201cEn Moviment\u201d.\">Read more<\/a><\/p>\n","protected":false},"author":14,"featured_media":10914,"comment_status":"closed","ping_status":"open","sticky":false,"template":"","format":"standard","meta":{"_uag_custom_page_level_css":"","_jet_sm_ready_style":"","_jet_sm_style":"","_jet_sm_controls_values":"","_jet_sm_fonts_collection":"","_jet_sm_fonts_links":"","footnotes":""},"categories":[94,245],"tags":[],"class_list":["post-10906","post","type-post","status-publish","format-standard","has-post-thumbnail","hentry","category-actos-y-publicaciones","category-direccio-i-gestion-esportiva"],"yoast_head":"<!-- This site is optimized with the Yoast SEO plugin v27.5 - https:\/\/yoast.com\/product\/yoast-seo-wordpress\/ -->\n<title>Tercer Webinar informatiu per a Ajuntaments sobre el Pla \u201cEn Moviment\u201d. - COLEF CV<\/title>\n<meta name=\"robots\" content=\"index, follow, max-snippet:-1, max-image-preview:large, max-video-preview:-1\" \/>\n<link rel=\"canonical\" href=\"https:\/\/colefcafecv.com\/ca\/tercer-webinar-informatiu-per-a-ajuntaments-sobre-el-pla-en-moviment-faqs\/\" \/>\n<meta property=\"og:locale\" content=\"en_US\" \/>\n<meta property=\"og:type\" content=\"article\" \/>\n<meta property=\"og:title\" content=\"Tercer Webinar informatiu per a Ajuntaments sobre el Pla \u201cEn Moviment\u201d. - COLEF CV\" \/>\n<meta property=\"og:description\" content=\"Dilluns que ve 12 de febrer a les 13 hores. Accedeix al formulari d&#8217;inscripci\u00f3 El COLEF CV en col\u00b7laboraci\u00f3 amb la Direcci\u00f3 General d&#8217;Esports de la GVA i la FVMP, impartixen dilluns que ve 12 de febrer a les 13.00 el tercer seminari web per a Ajuntaments sobre la implantaci\u00f3 del Pla Auton\u00f2mic de Prescripci\u00f3 ... Read more\" \/>\n<meta property=\"og:url\" content=\"https:\/\/colefcafecv.com\/ca\/tercer-webinar-informatiu-per-a-ajuntaments-sobre-el-pla-en-moviment-faqs\/\" \/>\n<meta property=\"og:site_name\" content=\"COLEF CV\" \/>\n<meta property=\"article:publisher\" content=\"https:\/\/www.facebook.com\/colefcv\" \/>\n<meta property=\"article:published_time\" content=\"2024-02-07T14:17:36+00:00\" \/>\n<meta property=\"article:modified_time\" content=\"2024-02-09T16:46:46+00:00\" \/>\n<meta property=\"og:image\" content=\"https:\/\/colefcafecv.com\/wp-content\/uploads\/Cartel_val_w.jpg\" \/>\n\t<meta property=\"og:image:width\" content=\"950\" \/>\n\t<meta property=\"og:image:height\" content=\"671\" \/>\n\t<meta property=\"og:image:type\" content=\"image\/jpeg\" \/>\n<meta name=\"author\" content=\"Jordi\" \/>\n<meta name=\"twitter:card\" content=\"summary_large_image\" \/>\n<meta name=\"twitter:label1\" content=\"Written by\" \/>\n\t<meta name=\"twitter:data1\" content=\"Jordi\" \/>\n\t<meta name=\"twitter:label2\" content=\"Est. reading time\" \/>\n\t<meta name=\"twitter:data2\" content=\"2 minutes\" \/>\n<script type=\"application\/ld+json\" class=\"yoast-schema-graph\">{\"@context\":\"https:\\\/\\\/schema.org\",\"@graph\":[{\"@type\":\"Article\",\"@id\":\"https:\\\/\\\/colefcafecv.com\\\/ca\\\/tercer-webinar-informatiu-per-a-ajuntaments-sobre-el-pla-en-moviment-faqs\\\/#article\",\"isPartOf\":{\"@id\":\"https:\\\/\\\/colefcafecv.com\\\/ca\\\/tercer-webinar-informatiu-per-a-ajuntaments-sobre-el-pla-en-moviment-faqs\\\/\"},\"author\":{\"name\":\"Jordi\",\"@id\":\"https:\\\/\\\/colefcafecv.com\\\/ca\\\/#\\\/schema\\\/person\\\/b657c8a06160273e8bfb341770fb4755\"},\"headline\":\"Tercer Webinar informatiu per a Ajuntaments sobre el Pla \u201cEn Moviment\u201d.\",\"datePublished\":\"2024-02-07T14:17:36+00:00\",\"dateModified\":\"2024-02-09T16:46:46+00:00\",\"mainEntityOfPage\":{\"@id\":\"https:\\\/\\\/colefcafecv.com\\\/ca\\\/tercer-webinar-informatiu-per-a-ajuntaments-sobre-el-pla-en-moviment-faqs\\\/\"},\"wordCount\":240,\"publisher\":{\"@id\":\"https:\\\/\\\/colefcafecv.com\\\/ca\\\/#organization\"},\"image\":{\"@id\":\"https:\\\/\\\/colefcafecv.com\\\/ca\\\/tercer-webinar-informatiu-per-a-ajuntaments-sobre-el-pla-en-moviment-faqs\\\/#primaryimage\"},\"thumbnailUrl\":\"https:\\\/\\\/colefcafecv.com\\\/wp-content\\\/uploads\\\/Cartel_val_w.jpg\",\"articleSection\":[\"Actos y publicaciones\",\"Direcci\u00f3 i gestion esportiva\"],\"inLanguage\":\"val\"},{\"@type\":\"WebPage\",\"@id\":\"https:\\\/\\\/colefcafecv.com\\\/ca\\\/tercer-webinar-informatiu-per-a-ajuntaments-sobre-el-pla-en-moviment-faqs\\\/\",\"url\":\"https:\\\/\\\/colefcafecv.com\\\/ca\\\/tercer-webinar-informatiu-per-a-ajuntaments-sobre-el-pla-en-moviment-faqs\\\/\",\"name\":\"Tercer Webinar informatiu per a Ajuntaments sobre el Pla \u201cEn Moviment\u201d. - COLEF CV\",\"isPartOf\":{\"@id\":\"https:\\\/\\\/colefcafecv.com\\\/ca\\\/#website\"},\"primaryImageOfPage\":{\"@id\":\"https:\\\/\\\/colefcafecv.com\\\/ca\\\/tercer-webinar-informatiu-per-a-ajuntaments-sobre-el-pla-en-moviment-faqs\\\/#primaryimage\"},\"image\":{\"@id\":\"https:\\\/\\\/colefcafecv.com\\\/ca\\\/tercer-webinar-informatiu-per-a-ajuntaments-sobre-el-pla-en-moviment-faqs\\\/#primaryimage\"},\"thumbnailUrl\":\"https:\\\/\\\/colefcafecv.com\\\/wp-content\\\/uploads\\\/Cartel_val_w.jpg\",\"datePublished\":\"2024-02-07T14:17:36+00:00\",\"dateModified\":\"2024-02-09T16:46:46+00:00\",\"breadcrumb\":{\"@id\":\"https:\\\/\\\/colefcafecv.com\\\/ca\\\/tercer-webinar-informatiu-per-a-ajuntaments-sobre-el-pla-en-moviment-faqs\\\/#breadcrumb\"},\"inLanguage\":\"val\",\"potentialAction\":[{\"@type\":\"ReadAction\",\"target\":[\"https:\\\/\\\/colefcafecv.com\\\/ca\\\/tercer-webinar-informatiu-per-a-ajuntaments-sobre-el-pla-en-moviment-faqs\\\/\"]}]},{\"@type\":\"ImageObject\",\"inLanguage\":\"val\",\"@id\":\"https:\\\/\\\/colefcafecv.com\\\/ca\\\/tercer-webinar-informatiu-per-a-ajuntaments-sobre-el-pla-en-moviment-faqs\\\/#primaryimage\",\"url\":\"https:\\\/\\\/colefcafecv.com\\\/wp-content\\\/uploads\\\/Cartel_val_w.jpg\",\"contentUrl\":\"https:\\\/\\\/colefcafecv.com\\\/wp-content\\\/uploads\\\/Cartel_val_w.jpg\",\"width\":950,\"height\":671},{\"@type\":\"BreadcrumbList\",\"@id\":\"https:\\\/\\\/colefcafecv.com\\\/ca\\\/tercer-webinar-informatiu-per-a-ajuntaments-sobre-el-pla-en-moviment-faqs\\\/#breadcrumb\",\"itemListElement\":[{\"@type\":\"ListItem\",\"position\":1,\"name\":\"Portada\",\"item\":\"https:\\\/\\\/colefcafecv.com\\\/ca\\\/\"},{\"@type\":\"ListItem\",\"position\":2,\"name\":\"Tercer Webinar informatiu per a Ajuntaments sobre el Pla \u201cEn Moviment\u201d.\"}]},{\"@type\":\"WebSite\",\"@id\":\"https:\\\/\\\/colefcafecv.com\\\/ca\\\/#website\",\"url\":\"https:\\\/\\\/colefcafecv.com\\\/ca\\\/\",\"name\":\"Colegio de Licenciados en Educaci\u00f3n F\u00edsica de la Comunidad Valenciana\",\"description\":\"Il lustre Col legi oficial de Llicenciats en Educaci\u00f3 F\u00edsica i en Ci\u00e8ncies de l\u00b4Activitat F\u00edsica i de l\u00b4Esport de la Comunitat Valenciana\",\"publisher\":{\"@id\":\"https:\\\/\\\/colefcafecv.com\\\/ca\\\/#organization\"},\"potentialAction\":[{\"@type\":\"SearchAction\",\"target\":{\"@type\":\"EntryPoint\",\"urlTemplate\":\"https:\\\/\\\/colefcafecv.com\\\/ca\\\/?s={search_term_string}\"},\"query-input\":{\"@type\":\"PropertyValueSpecification\",\"valueRequired\":true,\"valueName\":\"search_term_string\"}}],\"inLanguage\":\"val\"},{\"@type\":\"Organization\",\"@id\":\"https:\\\/\\\/colefcafecv.com\\\/ca\\\/#organization\",\"name\":\"Colegio de Licenciados en Educaci\u00f3n F\u00edsica de la Comunidad Valenciana\",\"url\":\"https:\\\/\\\/colefcafecv.com\\\/ca\\\/\",\"logo\":{\"@type\":\"ImageObject\",\"inLanguage\":\"val\",\"@id\":\"https:\\\/\\\/colefcafecv.com\\\/ca\\\/#\\\/schema\\\/logo\\\/image\\\/\",\"url\":\"https:\\\/\\\/colefcafecv.com\\\/wp-content\\\/uploads\\\/2021\\\/01\\\/simbolo-logotipo-colef.png\",\"contentUrl\":\"https:\\\/\\\/colefcafecv.com\\\/wp-content\\\/uploads\\\/2021\\\/01\\\/simbolo-logotipo-colef.png\",\"width\":213,\"height\":271,\"caption\":\"Colegio de Licenciados en Educaci\u00f3n F\u00edsica de la Comunidad Valenciana\"},\"image\":{\"@id\":\"https:\\\/\\\/colefcafecv.com\\\/ca\\\/#\\\/schema\\\/logo\\\/image\\\/\"},\"sameAs\":[\"https:\\\/\\\/www.facebook.com\\\/colefcv\"]},{\"@type\":\"Person\",\"@id\":\"https:\\\/\\\/colefcafecv.com\\\/ca\\\/#\\\/schema\\\/person\\\/b657c8a06160273e8bfb341770fb4755\",\"name\":\"Jordi\",\"image\":{\"@type\":\"ImageObject\",\"inLanguage\":\"val\",\"@id\":\"https:\\\/\\\/secure.gravatar.com\\\/avatar\\\/915485f66538d765a8ec4b26f6066451a183ebaa56366a1fc4ffdeb89aef4ce8?s=96&d=mm&r=g\",\"url\":\"https:\\\/\\\/secure.gravatar.com\\\/avatar\\\/915485f66538d765a8ec4b26f6066451a183ebaa56366a1fc4ffdeb89aef4ce8?s=96&d=mm&r=g\",\"contentUrl\":\"https:\\\/\\\/secure.gravatar.com\\\/avatar\\\/915485f66538d765a8ec4b26f6066451a183ebaa56366a1fc4ffdeb89aef4ce8?s=96&d=mm&r=g\",\"caption\":\"Jordi\"},\"url\":\"https:\\\/\\\/colefcafecv.com\\\/ca\\\/author\\\/jordiadm\\\/\"}]}<\/script>\n<!-- \/ Yoast SEO plugin. -->","yoast_head_json":{"title":"Tercer Webinar informatiu per a Ajuntaments sobre el Pla \u201cEn Moviment\u201d. - COLEF CV","robots":{"index":"index","follow":"follow","max-snippet":"max-snippet:-1","max-image-preview":"max-image-preview:large","max-video-preview":"max-video-preview:-1"},"canonical":"https:\/\/colefcafecv.com\/ca\/tercer-webinar-informatiu-per-a-ajuntaments-sobre-el-pla-en-moviment-faqs\/","og_locale":"en_US","og_type":"article","og_title":"Tercer Webinar informatiu per a Ajuntaments sobre el Pla \u201cEn Moviment\u201d. - COLEF CV","og_description":"Dilluns que ve 12 de febrer a les 13 hores. Accedeix al formulari d&#8217;inscripci\u00f3 El COLEF CV en col\u00b7laboraci\u00f3 amb la Direcci\u00f3 General d&#8217;Esports de la GVA i la FVMP, impartixen dilluns que ve 12 de febrer a les 13.00 el tercer seminari web per a Ajuntaments sobre la implantaci\u00f3 del Pla Auton\u00f2mic de Prescripci\u00f3 ... Read more","og_url":"https:\/\/colefcafecv.com\/ca\/tercer-webinar-informatiu-per-a-ajuntaments-sobre-el-pla-en-moviment-faqs\/","og_site_name":"COLEF CV","article_publisher":"https:\/\/www.facebook.com\/colefcv","article_published_time":"2024-02-07T14:17:36+00:00","article_modified_time":"2024-02-09T16:46:46+00:00","og_image":[{"width":950,"height":671,"url":"https:\/\/colefcafecv.com\/wp-content\/uploads\/Cartel_val_w.jpg","type":"image\/jpeg"}],"author":"Jordi","twitter_card":"summary_large_image","twitter_misc":{"Written by":"Jordi","Est. reading time":"2 minutes"},"schema":{"@context":"https:\/\/schema.org","@graph":[{"@type":"Article","@id":"https:\/\/colefcafecv.com\/ca\/tercer-webinar-informatiu-per-a-ajuntaments-sobre-el-pla-en-moviment-faqs\/#article","isPartOf":{"@id":"https:\/\/colefcafecv.com\/ca\/tercer-webinar-informatiu-per-a-ajuntaments-sobre-el-pla-en-moviment-faqs\/"},"author":{"name":"Jordi","@id":"https:\/\/colefcafecv.com\/ca\/#\/schema\/person\/b657c8a06160273e8bfb341770fb4755"},"headline":"Tercer Webinar informatiu per a Ajuntaments sobre el Pla \u201cEn Moviment\u201d.","datePublished":"2024-02-07T14:17:36+00:00","dateModified":"2024-02-09T16:46:46+00:00","mainEntityOfPage":{"@id":"https:\/\/colefcafecv.com\/ca\/tercer-webinar-informatiu-per-a-ajuntaments-sobre-el-pla-en-moviment-faqs\/"},"wordCount":240,"publisher":{"@id":"https:\/\/colefcafecv.com\/ca\/#organization"},"image":{"@id":"https:\/\/colefcafecv.com\/ca\/tercer-webinar-informatiu-per-a-ajuntaments-sobre-el-pla-en-moviment-faqs\/#primaryimage"},"thumbnailUrl":"https:\/\/colefcafecv.com\/wp-content\/uploads\/Cartel_val_w.jpg","articleSection":["Actos y publicaciones","Direcci\u00f3 i gestion esportiva"],"inLanguage":"val"},{"@type":"WebPage","@id":"https:\/\/colefcafecv.com\/ca\/tercer-webinar-informatiu-per-a-ajuntaments-sobre-el-pla-en-moviment-faqs\/","url":"https:\/\/colefcafecv.com\/ca\/tercer-webinar-informatiu-per-a-ajuntaments-sobre-el-pla-en-moviment-faqs\/","name":"Tercer Webinar informatiu per a Ajuntaments sobre el Pla \u201cEn Moviment\u201d. - COLEF CV","isPartOf":{"@id":"https:\/\/colefcafecv.com\/ca\/#website"},"primaryImageOfPage":{"@id":"https:\/\/colefcafecv.com\/ca\/tercer-webinar-informatiu-per-a-ajuntaments-sobre-el-pla-en-moviment-faqs\/#primaryimage"},"image":{"@id":"https:\/\/colefcafecv.com\/ca\/tercer-webinar-informatiu-per-a-ajuntaments-sobre-el-pla-en-moviment-faqs\/#primaryimage"},"thumbnailUrl":"https:\/\/colefcafecv.com\/wp-content\/uploads\/Cartel_val_w.jpg","datePublished":"2024-02-07T14:17:36+00:00","dateModified":"2024-02-09T16:46:46+00:00","breadcrumb":{"@id":"https:\/\/colefcafecv.com\/ca\/tercer-webinar-informatiu-per-a-ajuntaments-sobre-el-pla-en-moviment-faqs\/#breadcrumb"},"inLanguage":"val","potentialAction":[{"@type":"ReadAction","target":["https:\/\/colefcafecv.com\/ca\/tercer-webinar-informatiu-per-a-ajuntaments-sobre-el-pla-en-moviment-faqs\/"]}]},{"@type":"ImageObject","inLanguage":"val","@id":"https:\/\/colefcafecv.com\/ca\/tercer-webinar-informatiu-per-a-ajuntaments-sobre-el-pla-en-moviment-faqs\/#primaryimage","url":"https:\/\/colefcafecv.com\/wp-content\/uploads\/Cartel_val_w.jpg","contentUrl":"https:\/\/colefcafecv.com\/wp-content\/uploads\/Cartel_val_w.jpg","width":950,"height":671},{"@type":"BreadcrumbList","@id":"https:\/\/colefcafecv.com\/ca\/tercer-webinar-informatiu-per-a-ajuntaments-sobre-el-pla-en-moviment-faqs\/#breadcrumb","itemListElement":[{"@type":"ListItem","position":1,"name":"Portada","item":"https:\/\/colefcafecv.com\/ca\/"},{"@type":"ListItem","position":2,"name":"Tercer Webinar informatiu per a Ajuntaments sobre el Pla \u201cEn Moviment\u201d."}]},{"@type":"WebSite","@id":"https:\/\/colefcafecv.com\/ca\/#website","url":"https:\/\/colefcafecv.com\/ca\/","name":"Colegio de Licenciados en Educaci\u00f3n F\u00edsica de la Comunidad Valenciana","description":"Il lustre Col legi oficial de Llicenciats en Educaci\u00f3 F\u00edsica i en Ci\u00e8ncies de l\u00b4Activitat F\u00edsica i de l\u00b4Esport de la Comunitat Valenciana","publisher":{"@id":"https:\/\/colefcafecv.com\/ca\/#organization"},"potentialAction":[{"@type":"SearchAction","target":{"@type":"EntryPoint","urlTemplate":"https:\/\/colefcafecv.com\/ca\/?s={search_term_string}"},"query-input":{"@type":"PropertyValueSpecification","valueRequired":true,"valueName":"search_term_string"}}],"inLanguage":"val"},{"@type":"Organization","@id":"https:\/\/colefcafecv.com\/ca\/#organization","name":"Colegio de Licenciados en Educaci\u00f3n F\u00edsica de la Comunidad Valenciana","url":"https:\/\/colefcafecv.com\/ca\/","logo":{"@type":"ImageObject","inLanguage":"val","@id":"https:\/\/colefcafecv.com\/ca\/#\/schema\/logo\/image\/","url":"https:\/\/colefcafecv.com\/wp-content\/uploads\/2021\/01\/simbolo-logotipo-colef.png","contentUrl":"https:\/\/colefcafecv.com\/wp-content\/uploads\/2021\/01\/simbolo-logotipo-colef.png","width":213,"height":271,"caption":"Colegio de Licenciados en Educaci\u00f3n F\u00edsica de la Comunidad Valenciana"},"image":{"@id":"https:\/\/colefcafecv.com\/ca\/#\/schema\/logo\/image\/"},"sameAs":["https:\/\/www.facebook.com\/colefcv"]},{"@type":"Person","@id":"https:\/\/colefcafecv.com\/ca\/#\/schema\/person\/b657c8a06160273e8bfb341770fb4755","name":"Jordi","image":{"@type":"ImageObject","inLanguage":"val","@id":"https:\/\/secure.gravatar.com\/avatar\/915485f66538d765a8ec4b26f6066451a183ebaa56366a1fc4ffdeb89aef4ce8?s=96&d=mm&r=g","url":"https:\/\/secure.gravatar.com\/avatar\/915485f66538d765a8ec4b26f6066451a183ebaa56366a1fc4ffdeb89aef4ce8?s=96&d=mm&r=g","contentUrl":"https:\/\/secure.gravatar.com\/avatar\/915485f66538d765a8ec4b26f6066451a183ebaa56366a1fc4ffdeb89aef4ce8?s=96&d=mm&r=g","caption":"Jordi"},"url":"https:\/\/colefcafecv.com\/ca\/author\/jordiadm\/"}]}},"uagb_featured_image_src":{"full":["https:\/\/colefcafecv.com\/wp-content\/uploads\/Cartel_val_w.jpg",950,671,false],"thumbnail":["https:\/\/colefcafecv.com\/wp-content\/uploads\/Cartel_val_w-150x106.jpg",150,106,true],"medium":["https:\/\/colefcafecv.com\/wp-content\/uploads\/Cartel_val_w-300x212.jpg",300,212,true],"medium_large":["https:\/\/colefcafecv.com\/wp-content\/uploads\/Cartel_val_w-768x542.jpg",768,542,true],"large":["https:\/\/colefcafecv.com\/wp-content\/uploads\/Cartel_val_w.jpg",950,671,false],"thumblist":["https:\/\/colefcafecv.com\/wp-content\/uploads\/Cartel_val_w-300x300.jpg",300,300,true],"meccarouselthumb":["https:\/\/colefcafecv.com\/wp-content\/uploads\/Cartel_val_w-474x324.jpg",474,324,true],"gridsquare":["https:\/\/colefcafecv.com\/wp-content\/uploads\/Cartel_val_w-391x260.jpg",391,260,true],"tileview":["https:\/\/colefcafecv.com\/wp-content\/uploads\/Cartel_val_w-300x400.jpg",300,400,true],"1536x1536":["https:\/\/colefcafecv.com\/wp-content\/uploads\/Cartel_val_w.jpg",950,671,false],"2048x2048":["https:\/\/colefcafecv.com\/wp-content\/uploads\/Cartel_val_w.jpg",950,671,false],"ultp_layout_landscape_large":["https:\/\/colefcafecv.com\/wp-content\/uploads\/Cartel_val_w.jpg",950,671,false],"ultp_layout_landscape":["https:\/\/colefcafecv.com\/wp-content\/uploads\/Cartel_val_w-870x570.jpg",870,570,true],"ultp_layout_portrait":["https:\/\/colefcafecv.com\/wp-content\/uploads\/Cartel_val_w-600x671.jpg",600,671,true],"ultp_layout_square":["https:\/\/colefcafecv.com\/wp-content\/uploads\/Cartel_val_w-600x600.jpg",600,600,true]},"uagb_author_info":{"display_name":"Jordi","author_link":"https:\/\/colefcafecv.com\/ca\/author\/jordiadm\/"},"uagb_comment_info":0,"uagb_excerpt":"Dilluns que ve 12 de febrer a les 13 hores. Accedeix al formulari d&#8217;inscripci\u00f3 El COLEF CV en col\u00b7laboraci\u00f3 amb la Direcci\u00f3 General d&#8217;Esports de la GVA i la FVMP, impartixen dilluns que ve 12 de febrer a les 13.00 el tercer seminari web per a Ajuntaments sobre la implantaci\u00f3 del Pla Auton\u00f2mic de Prescripci\u00f3&hellip;","_links":{"self":[{"href":"https:\/\/colefcafecv.com\/ca\/wp-json\/wp\/v2\/posts\/10906","targetHints":{"allow":["GET"]}}],"collection":[{"href":"https:\/\/colefcafecv.com\/ca\/wp-json\/wp\/v2\/posts"}],"about":[{"href":"https:\/\/colefcafecv.com\/ca\/wp-json\/wp\/v2\/types\/post"}],"author":[{"embeddable":true,"href":"https:\/\/colefcafecv.com\/ca\/wp-json\/wp\/v2\/users\/14"}],"replies":[{"embeddable":true,"href":"https:\/\/colefcafecv.com\/ca\/wp-json\/wp\/v2\/comments?post=10906"}],"version-history":[{"count":7,"href":"https:\/\/colefcafecv.com\/ca\/wp-json\/wp\/v2\/posts\/10906\/revisions"}],"predecessor-version":[{"id":10928,"href":"https:\/\/colefcafecv.com\/ca\/wp-json\/wp\/v2\/posts\/10906\/revisions\/10928"}],"wp:featuredmedia":[{"embeddable":true,"href":"https:\/\/colefcafecv.com\/ca\/wp-json\/wp\/v2\/media\/10914"}],"wp:attachment":[{"href":"https:\/\/colefcafecv.com\/ca\/wp-json\/wp\/v2\/media?parent=10906"}],"wp:term":[{"taxonomy":"category","embeddable":true,"href":"https:\/\/colefcafecv.com\/ca\/wp-json\/wp\/v2\/categories?post=10906"},{"taxonomy":"post_tag","embeddable":true,"href":"https:\/\/colefcafecv.com\/ca\/wp-json\/wp\/v2\/tags?post=10906"}],"curies":[{"name":"wp","href":"https:\/\/api.w.org\/{rel}","templated":true}]}}